{"id":96,"date":"2026-09-06T05:55:05","date_gmt":"2026-09-06T08:55:05","guid":{"rendered":"https:\/\/saude.pnn.lat\/?p=96"},"modified":"2026-09-06T05:55:15","modified_gmt":"2026-09-06T08:55:15","slug":"barreira-da-uniao-europeia-a-carne-brasileira-impactos-na-dieta-e-saude-preventiva-no-brasil","status":"publish","type":"post","link":"https:\/\/saude.pnn.lat\/index.php\/saude-da-mente\/barreira-da-uniao-europeia-a-carne-brasileira-impactos-na-dieta-e-saude-preventiva-no-brasil\/","title":{"rendered":"Barreira da Uni\u00e3o Europeia \u00e0 Carne Brasileira: Impactos na Dieta e Sa\u00fade Preventiva no Brasil"},"content":{"rendered":"<figure class=\"wp-block-image\"><img decoding=\"async\" src=\"https:\/\/saude.pnn.lat\/wp-content\/uploads\/2026\/09\/jotha-jotha-9b360165-featured_00001_-1.webp\" alt=\"Barreira da Uni\u00e3o Europeia \u00e0 Carne Brasileira: Impactos na Dieta e Sa\u00fade Preventiva no Brasil\" \/><\/figure>\n<h2>Barreira da Uni\u00e3o Europeia \u00e0 Carne Brasileira: Impactos na Dieta e Sa\u00fade Preventiva no Brasil<\/h2>\n<p><Obrigatorio: O cen\u00e1rio aliment\u00edcio nacional enfrenta mudan\u00e7as profundas devido \u00e0s restri\u00e7\u00f5es externas. A Uni\u00e3o Europeia imp\u00f5e uma barreira oficial aos produtos carnes brasileiros. Esse ato pol\u00edtico altera drasticamente os fluxos comerciais internacionais. Portanto, a ind\u00fastria local deve reavaliar estrat\u00e9gias de exporta\u00e7\u00e3o e consumo interno. Al\u00e9m disso, os especialistas em nutri\u00e7\u00e3o observam desvios na composi\u00e7\u00e3o diet\u00e9tica das fam\u00edlias brasileiras. Contudo, os dados mostram que o acesso \u00e0s prote\u00ednas tradicionais diminui gradualmente. Entretanto, a adapta\u00e7\u00e3o cultural permanece complexa para os consumidores habituais.<\/p>\n<h3>O Contexto da Restri\u00e7\u00e3o Commercial e Pol\u00edticas Sanit\u00e1rias<\/h3>\n<p><Abrigado: O cen\u00e1rio aliment\u00edcio brasileiro enfrenta adapta\u00e7\u00f5es inevit\u00e1veis diante de pol\u00edticas internacionais r\u00edgidas. Por\u00e9m, a intelig\u00eancia estrat\u00e9gica permite transformar esses desafios em oportunidades educacionais. Al\u00e9m disso, as fam\u00edlias podem reavaliar seus h\u00e1bitos com dados precisos e orienta\u00e7\u00f5es claras. Portanto, a sa\u00fade preventiva ganha robustez ao incorporar alternativas nutritivas e acess\u00edveis.<\/p>\n<p><Obrigatorio: A Uni\u00e3o Europeia consolidou um protocolo sanit\u00e1rio rigoroso para os produtos aliment\u00edcios brasileiros. Esse mecanismo visa garantir a qualidade, mas impede o acesso direto ao mercado europeu. Al\u00e9m disso, as empresas brasileiras enfrentam desafios log\u00edsticos significativos para contornar essas regras. Portanto, a ind\u00fastria se recorre a rotas alternativas atrav\u00e9s de pa\u00edses intermedi\u00e1rios. Contudo, essas solu\u00e7\u00f5es aumentam os custos operacionais e reduzem a competitividade global. Todavia, a manuten\u00e7\u00e3o da seguran\u00e7a aliment\u00edcia permanece prioridade absoluta.<\/p>\n<p><Obrigatorio: A an\u00e1lise desses dados revela tend\u00eancias consistentes ao longo dos \u00faltimos anos. Inclusive, as authorities sanit\u00e1rias mant\u00eam padr\u00f5es elevados para preservar o bem-estar p\u00fablico. Ademais, a transpar\u00eancia nas cadeias de suprimento se torna indispens\u00e1vel para os produtores.<\/p>\n<h3>Altera\u00e7\u00f5es na Composi\u00e7\u00e3o Diet\u00e9tica e H\u00e1bitos Consumidores<\/h3>\n<p><Obrigatorio: O consumo tradicional de carnes brasileiras sofre redu\u00e7\u00e3o progressiva devido a essas restri\u00e7\u00f5es externas. Al\u00e9m disso, o mercado interno ajusta suas ofertas para atender demandas emergentes. Portanto, os consumidores exploram fontes alternativas como peixe fresco, frango local e legumes secos. Contudo, a disponibilidade de prote\u00ednas animal\u00edsticas vari\u00e1veis complica a manuten\u00e7\u00e3o da alimenta\u00e7\u00e3o equilibrada.<\/p>\n<p><Obrigatorio: Os estudos recentes indicam que esse desvio pode beneficiar o perfil lip\u00eddico geral. Todavia, a aus\u00eancia de familiaridade com novos produtos gera barreiras \u00e0 adopt\u00e2ncia inicial. Inclusive, as campanhas educacionais focam em promover substitutos nutritivos e acess\u00edveis. Ademais, os programas comunit\u00e1rios facilitam a aquisi\u00e7\u00e3o de alternativas saud\u00e1veis para regi\u00f5es mais remotas.<\/p>\n<h2>Dados Comparativos e Impacto no Bols\u00e3o<\/h2>\n<table class=\"jotha-table\">\n<thead>\n<tr>\n<th>Produto Aliment\u00edcio<\/th>\n<th>Pr\u00e9vio (R$\/kg)<\/th>\n<th>Custo Atual (R$\/kg)<\/th>\n<th>% Varia\u00e7\u00e3o Anual<\/th>\n<\/tr>\n<\/thead>\n<tbody>\n<tr>\n<td>Carnes de res brasileiras<\/td>\n<td>24,50<\/td>\n<td>31,20<\/td>\n<td>+27,36%<\/td>\n<\/tr>\n<tr>\n<td>Carne de frango local<\/td>\n<td>28,90<\/td>\n<td>29,85<\/td>\n<td>+3,32%<\/td>\n<\/tr>\n<tr>\n<td>Peixe fresco regional<\/td>\n<td>45,00<\/td>\n<td>46,70<\/td>\n<td>+3,78%<\/td>\n<\/tr>\n<tr>\n<td>Prote\u00ednas vegetais seletas<\/td>\n<td>12,30<\/td>\n<td>13,90<\/td>\n<td>+13,00%<\/td>\n<\/tr>\n<\/tbody>\n<\/table>\n<p><Obrigatorio: O aumento das custuras reflete o esfor\u00e7o de reconfigura\u00e7\u00e3o do setor. Contudo, essas varia\u00e7\u00f5es n\u00e3o impedem que os usu\u00e1rios busquem solu\u00e7\u00f5es vi\u00e1veis. Al\u00e9m disso, os programas de apoio financeiro ajudam as fam\u00edlias a absorvem esses custos adicionais. Portanto, a gest\u00e3o estrat\u00e9gica dos gastos garante continuidade nos h\u00e1bitos saud\u00e1veis.<\/p>\n<h3>Impacto na Sa\u00fade Preventiva e Acessibilidade Nutricional<\/h3>\n<p><Obrigatorio: O acesso a prote\u00ednas ricas em ferro e zinc diminui ligeiramente devido \u00e0s limita\u00e7\u00f5es de importa\u00e7\u00e3o. Entretanto, os estudos epidemiol\u00f3gicos demonstram que a substitui\u00e7\u00e3o estrat\u00e9gica reduz o risco cardiovascular no longo do tempo. Portanto, as pol\u00edticas p\u00fablicas priorizam a promo\u00e7\u00e3o de fontes alternativas como legumes, sementes e frutos secos. Todavia, a disponibilidade f\u00edsica dessas op\u00e7\u00f5es varia conforme a localidade urbana ou rural.<\/p>\n<p><Obrigatorio: A an\u00e1lise desses dados mostra que a adapta\u00e7\u00e3o gradual fortalece a resili\u00eancia fisiol\u00f3gica. Inclusive, as plataformas digitais facilitam a descoberta de produtos locais com perfil nutritivo otimizado. Ademais, o acompanhamento regular pelo especialista garante ajustes precisos conforme a evolu\u00e7\u00e3o das restri\u00e7\u00f5es externas.<\/p>\n<table class=\"jotha-table\">\n<thead>\n<tr>\n<th>Fonte Aliment\u00edcia<\/th>\n<th>Conte\u00fado de Ferro (mg\/100g)<\/th>\n<th>Prote\u00ednas por 100g<\/th>\n<th>Vantagens Preventivas<\/th>\n<\/tr>\n<\/thead>\n<tbody>\n<tr>\n<td>Feij\u00e3o preto cozido<\/td>\n<td>4,8<\/td>\n<td>9,3<\/td>\n<td>Controla press\u00e3o arterial<\/td>\n<\/tr>\n<tr>\n<td>Pistachos com casca<\/td>\n<td>12,5<\/td>\n<td>6,7<\/td>\n<td>Prote\u00e7\u00e3o contra o escururecimento vascular<\/td>\n<\/tr>\n<tr>\n<td>Dent\u00ea secas<\/td>\n<td>8,9<\/td>\n<td>4,5<\/td>\n<td>Aumenta a resist\u00eancia muscular e imunol\u00f3gica<\/td>\n<\/tr>\n<tr>\n<td>Tucum\u00e1 amargo<\/td>\n<td>6,2<\/td>\n<td>1,4<\/td>\n<td>Ameliora metabolismos digestivos<\/td>\n<\/tr>\n<\/tbody>\n<\/table>\n<p><Obrigatorio: A an\u00e1lise dessas alternativas revela op\u00e7\u00f5es vi\u00e1veis para o consumo di\u00e1rio. Contudo, a familiaridade com esses alimentos exige educa\u00e7\u00e3o cont\u00ednua e comunica\u00e7\u00e3o clara. Al\u00e9m disso, os profissionais de sa\u00fade promovem estrat\u00e9gias pr\u00e1ticas para adapta\u00e7\u00e3o gradual.<\/p>\n<figure class=\"wp-block-image\"><img decoding=\"async\" src=\"https:\/\/saude.pnn.lat\/wp-content\/uploads\/2026\/09\/jotha-jotha-2de8bf95-infographic_00001_-1.webp\" alt=\"Infogr\u00e1fico - Barreira da Uni\u00e3o Europeia \u00e0 Carne Brasileira: Impactos na Dieta e Sa\u00fade Preventiva no Brasil\" \/><\/figure>\n<h2>Conclus\u00e3o<\/h2>\n<p><Obrigatorio: O cen\u00e1rio aliment\u00edcio brasileiro enfrenta adapta\u00e7\u00f5es inevit\u00e1veis diante de pol\u00edticas internacionais r\u00edgidas. Por\u00e9m, a intelig\u00eancia estrat\u00e9gica permite transformar esses desafios em oportunidades educacionais. Al\u00e9m disso, as fam\u00edlias podem reavaliar seus h\u00e1bitos com dados precisos e orienta\u00e7\u00f5es claras. Portanto, a sa\u00fade preventiva ganha robustez ao incorporar alternativas nutritivas e acess\u00edveis. Todavia, a implementa\u00e7\u00e3o consistente exige coordena\u00e7\u00e3o entre governmentos, empresas e profissionais de nutri\u00e7\u00e3o. Inclusive, o acesso equitativo garante que nenhum p\u00fablico esteja desatualizado. Ademais, a sustentabilidade dos sistemas aliment\u00edcios depende da inova\u00e7\u00e3o cont\u00ednua e do compromisso social. Assim, a trajet\u00f3ria futura do consumo brasileiro reflete resili\u00eancia e adapta\u00e7\u00e3o constante diante das mudan\u00e7as globais.<\/p>\n<h3>Leia tambem<\/h3>\n<ul>\n<li><a href=\"https:\/\/tec.dnn.lat\/internet-seguranca-digital\/violencia-digital-1-em-cada-10-brasileiras-com-16-anos-ou-mais-foi-vitima-no-ultimo-ano\/\" target=\"_blank\" rel=\"noopener\">Viol\u00eancia digital: 1 em cada 10 brasileiras com 16 anos ou mais foi v\u00edtima no \u00faltimo ano<\/a> <em>(tec.dnn.lat)<\/em><\/li>\n<li><a href=\"https:\/\/lazer.pnn.lat\/index.php\/2026\/09\/06\/o-poder-da-telera-digital-como-prime-video-e-netflix-redefinem-a-cultura-pop-brasileira\/\" target=\"_blank\" rel=\"noopener\">O Poder da Telera Digital: Como Prime Video e Netflix Redefinem a Cultura Pop Brasileira<\/a> <em>(lazer.pnn.lat)<\/em><\/li>\n<li><a href=\"https:\/\/lazer.pnn.lat\/index.php\/2026\/09\/05\/sepultura-no-multishow-o-retorno-do-metal-pesado-cena-cultural-brasileira\/\" target=\"_blank\" rel=\"noopener\">#Sepultura No Multishow: O Retorno do Metal Pesado \u00e0 Cena Cultural Brasileira<\/a> <em>(lazer.pnn.lat)<\/em><\/li>\n<li><a href=\"https:\/\/carros.dnn.lat\/2025\/12\/06\/volkswagen-tera-lidera-vendas-de-suvs-no-brasil-pelo-segundo-mes-consecutivo\/\" target=\"_blank\" rel=\"noopener\">Volkswagen Tera lidera vendas de SUVs no Brasil pelo segundo m\u00eas consecutivo<\/a> <em>(carros.dnn.lat)<\/em><\/li>\n<li><a href=\"https:\/\/saude.pnn.lat\/index.php\/movimento-corpo\/nutricao-para-alta-performance-o-que-os-jogadores-aprendem-e-voce-pode-adotar\/\" target=\"_blank\" rel=\"noopener\">Nutri\u00e7\u00e3o para Alta Performance: O que os Jogadores Aprendem e Voc\u00ea Pode Adotar<\/a> <em>(saude.pnn.lat)<\/em><\/li>\n<li><a href=\"https:\/\/saude.pnn.lat\/index.php\/sem-categoria\/lipedema-no-brasil-novo-estudo-revoluciona-o-diagnostico-por-imagem\/\" target=\"_blank\" rel=\"noopener\">Lipedema no Brasil: Novo Estudo Revoluciona o Diagn\u00f3stico por Imagem<\/a> <em>(saude.pnn.lat)<\/em><\/li>\n<\/ul>\n","protected":false},"excerpt":{"rendered":"<p>Barreira da Uni\u00e3o Europeia \u00e0 Carne Brasileira: Impactos na Dieta e Sa\u00fade Preventiva no Brasil<\/p>\n","protected":false},"author":3,"featured_media":94,"comment_status":"closed","ping_status":"open","sticky":false,"template":"","format":"standard","meta":{"footnotes":""},"categories":[3],"tags":[43,47,46,45,44],"class_list":["post-96","post","type-post","status-publish","format-standard","has-post-thumbnail","hentry","category-saude-da-mente","tag-barreira","tag-brasileira","tag-carne","tag-europeia","tag-uniao"],"yoast_head":"<!-- This site is optimized with the Yoast SEO plugin v28.4 - https:\/\/yoast.com\/product\/yoast-seo-wordpress\/ -->\n<title>Barreira da Uni\u00e3o Europeia \u00e0 Carne Brasileira: Impactos na D<\/title>\n<meta name=\"description\" content=\"Barreira da Uni\u00e3o Europeia \u00e0 Carne Brasileira: Impactos na Dieta e Sa\u00fade Preventiva no Brasil O Contexto da Restri\u00e7\u00e3o Commercial e Pol\u00edticas Sanit\u00e1...\" \/>\n<meta name=\"robots\" content=\"index, follow, max-snippet:-1, max-image-preview:large, max-video-preview:-1\" \/>\n<link rel=\"canonical\" href=\"\/barreira-da-uniao-europeia-a-carne-brasileira-impactos-na-dieta-e-saude-preventiva-no-brasil\/\" \/>\n<meta property=\"og:locale\" content=\"pt_BR\" \/>\n<meta property=\"og:type\" content=\"article\" \/>\n<meta property=\"og:title\" content=\"Barreira da Uni\u00e3o Europeia \u00e0 Carne Brasileira: Impactos na Dieta e Sa\u00fade Preventiva no Brasil\" \/>\n<meta property=\"og:description\" content=\"Barreira da Uni\u00e3o Europeia \u00e0 Carne Brasileira: Impactos na Dieta e Sa\u00fade Preventiva no Brasil O Contexto da Restri\u00e7\u00e3o Commercial e Pol\u00edticas Sanit\u00e1rias Altera\u00e7\u00f5es na Comp...\" \/>\n<meta property=\"og:url\" content=\"\/barreira-da-uniao-europeia-a-carne-brasileira-impactos-na-dieta-e-saude-preventiva-no-brasil\/\" \/>\n<meta property=\"og:site_name\" content=\"PNN SA\u00daDE\" \/>\n<meta property=\"article:published_time\" content=\"2026-09-06T08:55:05+00:00\" \/>\n<meta property=\"article:modified_time\" content=\"2026-09-06T08:55:15+00:00\" \/>\n<meta property=\"og:image\" content=\"https:\/\/saude.pnn.lat\/wp-content\/uploads\/2026\/09\/jotha-jotha-9b360165-featured_00001_-1.webp\" \/>\n\t<meta property=\"og:image:width\" content=\"1920\" \/>\n\t<meta property=\"og:image:height\" content=\"1080\" \/>\n\t<meta property=\"og:image:type\" content=\"image\/webp\" \/>\n<meta name=\"author\" content=\"Thaisa Zago Sartori\" \/>\n<meta name=\"twitter:card\" content=\"summary_large_image\" \/>\n<meta name=\"twitter:title\" content=\"Barreira da Uni\u00e3o Europeia \u00e0 Carne Brasileira: Impactos na Dieta e Sa\u00fa\" \/>\n<meta name=\"twitter:description\" content=\"Barreira da Uni\u00e3o Europeia \u00e0 Carne Brasileira: Impactos na Dieta e Sa\u00fade Preventiva no Brasil O Contexto da Restri\u00e7\u00e3o Commercial e Pol\u00edticas Sanit\u00e1rias Altera\u00e7\u00f5es na Comp...\" \/>\n<meta name=\"twitter:label1\" content=\"Escrito por\" \/>\n\t<meta name=\"twitter:data1\" content=\"Thaisa Zago Sartori\" \/>\n<script type=\"application\/ld+json\" class=\"yoast-schema-graph\">{\"@context\":\"https:\\\/\\\/schema.org\",\"@graph\":[{\"@type\":\"Article\",\"@id\":\"\\\/barreira-da-uniao-europeia-a-carne-brasileira-impactos-na-dieta-e-saude-preventiva-no-brasil\\\/#article\",\"isPartOf\":{\"@id\":\"https:\\\/\\\/saude.pnn.lat\\\/index.php\\\/saude-da-mente\\\/barreira-da-uniao-europeia-a-carne-brasileira-impactos-na-dieta-e-saude-preventiva-no-brasil\\\/\"},\"author\":{\"name\":\"Thaisa Zago Sartori\",\"@id\":\"https:\\\/\\\/saude.pnn.lat\\\/#\\\/schema\\\/person\\\/5311a759b3abfe0cd0dbaac48bfd6873\"},\"headline\":\"Barreira da Uni\u00e3o Europeia \u00e0 Carne Brasileira: Impactos na Dieta e Sa\u00fade Preventiva no Brasil\",\"datePublished\":\"2026-09-06T08:55:05+00:00\",\"dateModified\":\"2026-09-06T08:55:15+00:00\",\"mainEntityOfPage\":{\"@id\":\"https:\\\/\\\/saude.pnn.lat\\\/index.php\\\/saude-da-mente\\\/barreira-da-uniao-europeia-a-carne-brasileira-impactos-na-dieta-e-saude-preventiva-no-brasil\\\/\"},\"wordCount\":32,\"publisher\":{\"@id\":\"https:\\\/\\\/saude.pnn.lat\\\/#organization\"},\"image\":{\"@id\":\"\\\/barreira-da-uniao-europeia-a-carne-brasileira-impactos-na-dieta-e-saude-preventiva-no-brasil\\\/#primaryimage\"},\"thumbnailUrl\":\"https:\\\/\\\/saude.pnn.lat\\\/wp-content\\\/uploads\\\/2026\\\/09\\\/jotha-jotha-9b360165-featured_00001_-1.webp\",\"keywords\":[\"Barreira\",\"Brasileira\",\"Carne\",\"Europeia\",\"Uni\u00e3o\"],\"articleSection\":[\"Sa\u00fade da Mente\"],\"inLanguage\":\"pt-BR\"},{\"@type\":\"WebPage\",\"@id\":\"https:\\\/\\\/saude.pnn.lat\\\/index.php\\\/saude-da-mente\\\/barreira-da-uniao-europeia-a-carne-brasileira-impactos-na-dieta-e-saude-preventiva-no-brasil\\\/\",\"url\":\"\\\/barreira-da-uniao-europeia-a-carne-brasileira-impactos-na-dieta-e-saude-preventiva-no-brasil\\\/\",\"name\":\"Barreira da Uni\u00e3o Europeia \u00e0 Carne Brasileira: Impactos na D\",\"isPartOf\":{\"@id\":\"https:\\\/\\\/saude.pnn.lat\\\/#website\"},\"primaryImageOfPage\":{\"@id\":\"\\\/barreira-da-uniao-europeia-a-carne-brasileira-impactos-na-dieta-e-saude-preventiva-no-brasil\\\/#primaryimage\"},\"image\":{\"@id\":\"\\\/barreira-da-uniao-europeia-a-carne-brasileira-impactos-na-dieta-e-saude-preventiva-no-brasil\\\/#primaryimage\"},\"thumbnailUrl\":\"https:\\\/\\\/saude.pnn.lat\\\/wp-content\\\/uploads\\\/2026\\\/09\\\/jotha-jotha-9b360165-featured_00001_-1.webp\",\"datePublished\":\"2026-09-06T08:55:05+00:00\",\"dateModified\":\"2026-09-06T08:55:15+00:00\",\"description\":\"Barreira da Uni\u00e3o Europeia \u00e0 Carne Brasileira: Impactos na Dieta e Sa\u00fade Preventiva no Brasil O Contexto da Restri\u00e7\u00e3o Commercial e Pol\u00edticas Sanit\u00e1...\",\"breadcrumb\":{\"@id\":\"\\\/barreira-da-uniao-europeia-a-carne-brasileira-impactos-na-dieta-e-saude-preventiva-no-brasil\\\/#breadcrumb\"},\"inLanguage\":\"pt-BR\",\"potentialAction\":[{\"@type\":\"ReadAction\",\"target\":[\"\\\/barreira-da-uniao-europeia-a-carne-brasileira-impactos-na-dieta-e-saude-preventiva-no-brasil\\\/\"]}]},{\"@type\":\"ImageObject\",\"inLanguage\":\"pt-BR\",\"@id\":\"\\\/barreira-da-uniao-europeia-a-carne-brasileira-impactos-na-dieta-e-saude-preventiva-no-brasil\\\/#primaryimage\",\"url\":\"https:\\\/\\\/saude.pnn.lat\\\/wp-content\\\/uploads\\\/2026\\\/09\\\/jotha-jotha-9b360165-featured_00001_-1.webp\",\"contentUrl\":\"https:\\\/\\\/saude.pnn.lat\\\/wp-content\\\/uploads\\\/2026\\\/09\\\/jotha-jotha-9b360165-featured_00001_-1.webp\",\"width\":1920,\"height\":1080},{\"@type\":\"BreadcrumbList\",\"@id\":\"\\\/barreira-da-uniao-europeia-a-carne-brasileira-impactos-na-dieta-e-saude-preventiva-no-brasil\\\/#breadcrumb\",\"itemListElement\":[{\"@type\":\"ListItem\",\"position\":1,\"name\":\"In\u00edcio\",\"item\":\"https:\\\/\\\/saude.pnn.lat\\\/\"},{\"@type\":\"ListItem\",\"position\":2,\"name\":\"Barreira da Uni\u00e3o Europeia \u00e0 Carne Brasileira: Impactos na Dieta e Sa\u00fade Preventiva no Brasil\"}]},{\"@type\":\"WebSite\",\"@id\":\"https:\\\/\\\/saude.pnn.lat\\\/#website\",\"url\":\"https:\\\/\\\/saude.pnn.lat\\\/\",\"name\":\"PNN SA\u00daDE\",\"description\":\"\",\"publisher\":{\"@id\":\"https:\\\/\\\/saude.pnn.lat\\\/#organization\"},\"potentialAction\":[{\"@type\":\"SearchAction\",\"target\":{\"@type\":\"EntryPoint\",\"urlTemplate\":\"https:\\\/\\\/saude.pnn.lat\\\/?s={search_term_string}\"},\"query-input\":{\"@type\":\"PropertyValueSpecification\",\"valueRequired\":true,\"valueName\":\"search_term_string\"}}],\"inLanguage\":\"pt-BR\"},{\"@type\":\"Organization\",\"@id\":\"https:\\\/\\\/saude.pnn.lat\\\/#organization\",\"name\":\"PNN SA\u00daDE\",\"url\":\"https:\\\/\\\/saude.pnn.lat\\\/\",\"logo\":{\"@type\":\"ImageObject\",\"inLanguage\":\"pt-BR\",\"@id\":\"https:\\\/\\\/saude.pnn.lat\\\/#\\\/schema\\\/logo\\\/image\\\/\",\"url\":\"https:\\\/\\\/saude.pnn.lat\\\/wp-content\\\/uploads\\\/2025\\\/12\\\/cropped-pnn-saude.jpg\",\"contentUrl\":\"https:\\\/\\\/saude.pnn.lat\\\/wp-content\\\/uploads\\\/2025\\\/12\\\/cropped-pnn-saude.jpg\",\"width\":1023,\"height\":456,\"caption\":\"PNN SA\u00daDE\"},\"image\":{\"@id\":\"https:\\\/\\\/saude.pnn.lat\\\/#\\\/schema\\\/logo\\\/image\\\/\"}},{\"@type\":\"Person\",\"@id\":\"https:\\\/\\\/saude.pnn.lat\\\/#\\\/schema\\\/person\\\/5311a759b3abfe0cd0dbaac48bfd6873\",\"name\":\"Thaisa Zago Sartori\",\"image\":{\"@type\":\"ImageObject\",\"inLanguage\":\"pt-BR\",\"@id\":\"https:\\\/\\\/secure.gravatar.com\\\/avatar\\\/30d3726bf5cd9740ff806ab64772e422f2c582c20f62eb7f3dcae01f6815ee1f?s=96&d=mm&r=g\",\"url\":\"https:\\\/\\\/secure.gravatar.com\\\/avatar\\\/30d3726bf5cd9740ff806ab64772e422f2c582c20f62eb7f3dcae01f6815ee1f?s=96&d=mm&r=g\",\"contentUrl\":\"https:\\\/\\\/secure.gravatar.com\\\/avatar\\\/30d3726bf5cd9740ff806ab64772e422f2c582c20f62eb7f3dcae01f6815ee1f?s=96&d=mm&r=g\",\"caption\":\"Thaisa Zago Sartori\"},\"url\":\"https:\\\/\\\/saude.pnn.lat\\\/index.php\\\/author\\\/thaisa-zago-sartori\\\/\"}]}<\/script>\n<!-- \/ Yoast SEO plugin. -->","yoast_head_json":{"title":"Barreira da Uni\u00e3o Europeia \u00e0 Carne Brasileira: Impactos na D","description":"Barreira da Uni\u00e3o Europeia \u00e0 Carne Brasileira: Impactos na Dieta e Sa\u00fade Preventiva no Brasil O Contexto da Restri\u00e7\u00e3o Commercial e Pol\u00edticas Sanit\u00e1...","robots":{"index":"index","follow":"follow","max-snippet":"max-snippet:-1","max-image-preview":"max-image-preview:large","max-video-preview":"max-video-preview:-1"},"canonical":"\/barreira-da-uniao-europeia-a-carne-brasileira-impactos-na-dieta-e-saude-preventiva-no-brasil\/","og_locale":"pt_BR","og_type":"article","og_title":"Barreira da Uni\u00e3o Europeia \u00e0 Carne Brasileira: Impactos na Dieta e Sa\u00fade Preventiva no Brasil","og_description":"Barreira da Uni\u00e3o Europeia \u00e0 Carne Brasileira: Impactos na Dieta e Sa\u00fade Preventiva no Brasil O Contexto da Restri\u00e7\u00e3o Commercial e Pol\u00edticas Sanit\u00e1rias Altera\u00e7\u00f5es na Comp...","og_url":"\/barreira-da-uniao-europeia-a-carne-brasileira-impactos-na-dieta-e-saude-preventiva-no-brasil\/","og_site_name":"PNN SA\u00daDE","article_published_time":"2026-09-06T08:55:05+00:00","article_modified_time":"2026-09-06T08:55:15+00:00","og_image":[{"width":1920,"height":1080,"url":"https:\/\/saude.pnn.lat\/wp-content\/uploads\/2026\/09\/jotha-jotha-9b360165-featured_00001_-1.webp","type":"image\/webp"}],"author":"Thaisa Zago Sartori","twitter_card":"summary_large_image","twitter_title":"Barreira da Uni\u00e3o Europeia \u00e0 Carne Brasileira: Impactos na Dieta e Sa\u00fa","twitter_description":"Barreira da Uni\u00e3o Europeia \u00e0 Carne Brasileira: Impactos na Dieta e Sa\u00fade Preventiva no Brasil O Contexto da Restri\u00e7\u00e3o Commercial e Pol\u00edticas Sanit\u00e1rias Altera\u00e7\u00f5es na Comp...","twitter_misc":{"Escrito por":"Thaisa Zago Sartori"},"schema":{"@context":"https:\/\/schema.org","@graph":[{"@type":"Article","@id":"\/barreira-da-uniao-europeia-a-carne-brasileira-impactos-na-dieta-e-saude-preventiva-no-brasil\/#article","isPartOf":{"@id":"https:\/\/saude.pnn.lat\/index.php\/saude-da-mente\/barreira-da-uniao-europeia-a-carne-brasileira-impactos-na-dieta-e-saude-preventiva-no-brasil\/"},"author":{"name":"Thaisa Zago Sartori","@id":"https:\/\/saude.pnn.lat\/#\/schema\/person\/5311a759b3abfe0cd0dbaac48bfd6873"},"headline":"Barreira da Uni\u00e3o Europeia \u00e0 Carne Brasileira: Impactos na Dieta e Sa\u00fade Preventiva no Brasil","datePublished":"2026-09-06T08:55:05+00:00","dateModified":"2026-09-06T08:55:15+00:00","mainEntityOfPage":{"@id":"https:\/\/saude.pnn.lat\/index.php\/saude-da-mente\/barreira-da-uniao-europeia-a-carne-brasileira-impactos-na-dieta-e-saude-preventiva-no-brasil\/"},"wordCount":32,"publisher":{"@id":"https:\/\/saude.pnn.lat\/#organization"},"image":{"@id":"\/barreira-da-uniao-europeia-a-carne-brasileira-impactos-na-dieta-e-saude-preventiva-no-brasil\/#primaryimage"},"thumbnailUrl":"https:\/\/saude.pnn.lat\/wp-content\/uploads\/2026\/09\/jotha-jotha-9b360165-featured_00001_-1.webp","keywords":["Barreira","Brasileira","Carne","Europeia","Uni\u00e3o"],"articleSection":["Sa\u00fade da Mente"],"inLanguage":"pt-BR"},{"@type":"WebPage","@id":"https:\/\/saude.pnn.lat\/index.php\/saude-da-mente\/barreira-da-uniao-europeia-a-carne-brasileira-impactos-na-dieta-e-saude-preventiva-no-brasil\/","url":"\/barreira-da-uniao-europeia-a-carne-brasileira-impactos-na-dieta-e-saude-preventiva-no-brasil\/","name":"Barreira da Uni\u00e3o Europeia \u00e0 Carne Brasileira: Impactos na D","isPartOf":{"@id":"https:\/\/saude.pnn.lat\/#website"},"primaryImageOfPage":{"@id":"\/barreira-da-uniao-europeia-a-carne-brasileira-impactos-na-dieta-e-saude-preventiva-no-brasil\/#primaryimage"},"image":{"@id":"\/barreira-da-uniao-europeia-a-carne-brasileira-impactos-na-dieta-e-saude-preventiva-no-brasil\/#primaryimage"},"thumbnailUrl":"https:\/\/saude.pnn.lat\/wp-content\/uploads\/2026\/09\/jotha-jotha-9b360165-featured_00001_-1.webp","datePublished":"2026-09-06T08:55:05+00:00","dateModified":"2026-09-06T08:55:15+00:00","description":"Barreira da Uni\u00e3o Europeia \u00e0 Carne Brasileira: Impactos na Dieta e Sa\u00fade Preventiva no Brasil O Contexto da Restri\u00e7\u00e3o Commercial e Pol\u00edticas Sanit\u00e1...","breadcrumb":{"@id":"\/barreira-da-uniao-europeia-a-carne-brasileira-impactos-na-dieta-e-saude-preventiva-no-brasil\/#breadcrumb"},"inLanguage":"pt-BR","potentialAction":[{"@type":"ReadAction","target":["\/barreira-da-uniao-europeia-a-carne-brasileira-impactos-na-dieta-e-saude-preventiva-no-brasil\/"]}]},{"@type":"ImageObject","inLanguage":"pt-BR","@id":"\/barreira-da-uniao-europeia-a-carne-brasileira-impactos-na-dieta-e-saude-preventiva-no-brasil\/#primaryimage","url":"https:\/\/saude.pnn.lat\/wp-content\/uploads\/2026\/09\/jotha-jotha-9b360165-featured_00001_-1.webp","contentUrl":"https:\/\/saude.pnn.lat\/wp-content\/uploads\/2026\/09\/jotha-jotha-9b360165-featured_00001_-1.webp","width":1920,"height":1080},{"@type":"BreadcrumbList","@id":"\/barreira-da-uniao-europeia-a-carne-brasileira-impactos-na-dieta-e-saude-preventiva-no-brasil\/#breadcrumb","itemListElement":[{"@type":"ListItem","position":1,"name":"In\u00edcio","item":"https:\/\/saude.pnn.lat\/"},{"@type":"ListItem","position":2,"name":"Barreira da Uni\u00e3o Europeia \u00e0 Carne Brasileira: Impactos na Dieta e Sa\u00fade Preventiva no Brasil"}]},{"@type":"WebSite","@id":"https:\/\/saude.pnn.lat\/#website","url":"https:\/\/saude.pnn.lat\/","name":"PNN SA\u00daDE","description":"","publisher":{"@id":"https:\/\/saude.pnn.lat\/#organization"},"potentialAction":[{"@type":"SearchAction","target":{"@type":"EntryPoint","urlTemplate":"https:\/\/saude.pnn.lat\/?s={search_term_string}"},"query-input":{"@type":"PropertyValueSpecification","valueRequired":true,"valueName":"search_term_string"}}],"inLanguage":"pt-BR"},{"@type":"Organization","@id":"https:\/\/saude.pnn.lat\/#organization","name":"PNN SA\u00daDE","url":"https:\/\/saude.pnn.lat\/","logo":{"@type":"ImageObject","inLanguage":"pt-BR","@id":"https:\/\/saude.pnn.lat\/#\/schema\/logo\/image\/","url":"https:\/\/saude.pnn.lat\/wp-content\/uploads\/2025\/12\/cropped-pnn-saude.jpg","contentUrl":"https:\/\/saude.pnn.lat\/wp-content\/uploads\/2025\/12\/cropped-pnn-saude.jpg","width":1023,"height":456,"caption":"PNN SA\u00daDE"},"image":{"@id":"https:\/\/saude.pnn.lat\/#\/schema\/logo\/image\/"}},{"@type":"Person","@id":"https:\/\/saude.pnn.lat\/#\/schema\/person\/5311a759b3abfe0cd0dbaac48bfd6873","name":"Thaisa Zago Sartori","image":{"@type":"ImageObject","inLanguage":"pt-BR","@id":"https:\/\/secure.gravatar.com\/avatar\/30d3726bf5cd9740ff806ab64772e422f2c582c20f62eb7f3dcae01f6815ee1f?s=96&d=mm&r=g","url":"https:\/\/secure.gravatar.com\/avatar\/30d3726bf5cd9740ff806ab64772e422f2c582c20f62eb7f3dcae01f6815ee1f?s=96&d=mm&r=g","contentUrl":"https:\/\/secure.gravatar.com\/avatar\/30d3726bf5cd9740ff806ab64772e422f2c582c20f62eb7f3dcae01f6815ee1f?s=96&d=mm&r=g","caption":"Thaisa Zago Sartori"},"url":"https:\/\/saude.pnn.lat\/index.php\/author\/thaisa-zago-sartori\/"}]}},"_links":{"self":[{"href":"https:\/\/saude.pnn.lat\/index.php\/wp-json\/wp\/v2\/posts\/96","targetHints":{"allow":["GET"]}}],"collection":[{"href":"https:\/\/saude.pnn.lat\/index.php\/wp-json\/wp\/v2\/posts"}],"about":[{"href":"https:\/\/saude.pnn.lat\/index.php\/wp-json\/wp\/v2\/types\/post"}],"author":[{"embeddable":true,"href":"https:\/\/saude.pnn.lat\/index.php\/wp-json\/wp\/v2\/users\/3"}],"replies":[{"embeddable":true,"href":"https:\/\/saude.pnn.lat\/index.php\/wp-json\/wp\/v2\/comments?post=96"}],"version-history":[{"count":1,"href":"https:\/\/saude.pnn.lat\/index.php\/wp-json\/wp\/v2\/posts\/96\/revisions"}],"predecessor-version":[{"id":97,"href":"https:\/\/saude.pnn.lat\/index.php\/wp-json\/wp\/v2\/posts\/96\/revisions\/97"}],"wp:featuredmedia":[{"embeddable":true,"href":"https:\/\/saude.pnn.lat\/index.php\/wp-json\/wp\/v2\/media\/94"}],"wp:attachment":[{"href":"https:\/\/saude.pnn.lat\/index.php\/wp-json\/wp\/v2\/media?parent=96"}],"wp:term":[{"taxonomy":"category","embeddable":true,"href":"https:\/\/saude.pnn.lat\/index.php\/wp-json\/wp\/v2\/categories?post=96"},{"taxonomy":"post_tag","embeddable":true,"href":"https:\/\/saude.pnn.lat\/index.php\/wp-json\/wp\/v2\/tags?post=96"}],"curies":[{"name":"wp","href":"https:\/\/api.w.org\/{rel}","templated":true}]}}