{"id":42,"date":"2025-12-06T01:29:26","date_gmt":"2025-12-06T04:29:26","guid":{"rendered":"https:\/\/saude.pnn.lat\/?p=42"},"modified":"2025-12-06T01:29:27","modified_gmt":"2025-12-06T04:29:27","slug":"mudanca-na-recomendacao-da-vacina-contra-hepatite-b-preocupa-familias-e-medicos","status":"publish","type":"post","link":"https:\/\/saude.pnn.lat\/index.php\/familia-saude\/mudanca-na-recomendacao-da-vacina-contra-hepatite-b-preocupa-familias-e-medicos\/","title":{"rendered":"Mudan\u00e7a na recomenda\u00e7\u00e3o da vacina contra hepatite B preocupa fam\u00edlias e m\u00e9dicos"},"content":{"rendered":"\n<p class=\"wp-block-paragraph\">A recente decis\u00e3o dos Estados Unidos de <strong>n\u00e3o recomendar mais a vacina contra hepatite B para todos os rec\u00e9m-nascidos<\/strong> gerou preocupa\u00e7\u00e3o entre m\u00e9dicos, pais e especialistas em sa\u00fade p\u00fablica. A medida rompe com uma pol\u00edtica vigente desde 1991, que buscava imunizar todos os beb\u00eas logo ap\u00f3s o nascimento, prevenindo a <strong>transmiss\u00e3o perinatal<\/strong> do v\u00edrus.<\/p>\n\n\n\n<p class=\"wp-block-paragraph\">Profissionais de sa\u00fade alertam que a mudan\u00e7a pode afetar milhares de crian\u00e7as, especialmente aquelas cujas m\u00e3es <strong>n\u00e3o foram diagnosticadas durante a gravidez<\/strong>. Apesar de segura e eficaz, a vacina continua sendo um recurso essencial para a preven\u00e7\u00e3o de complica\u00e7\u00f5es graves, incluindo <strong>cirrose e c\u00e2ncer de f\u00edgado<\/strong>.<\/p>\n\n\n\n<hr class=\"wp-block-separator has-alpha-channel-opacity\"\/>\n\n\n\n<h3 class=\"wp-block-heading\">Impacto direto sobre fam\u00edlias<\/h3>\n\n\n\n<p class=\"wp-block-paragraph\">Pais relatam preocupa\u00e7\u00e3o com a seguran\u00e7a de seus filhos. Mariana, m\u00e3e de um rec\u00e9m-nascido em Nova York, afirmou: \u201cFiquei surpresa com a mudan\u00e7a. Sempre achei que a vacina\u00e7\u00e3o ao nascer era crucial. Agora tenho d\u00favidas sobre quando e se devo vacinar meu beb\u00ea.\u201d<\/p>\n\n\n\n<p class=\"wp-block-paragraph\">Muitas fam\u00edlias dependem das <strong>orienta\u00e7\u00f5es m\u00e9dicas<\/strong> e dos programas de sa\u00fade p\u00fablica para tomar decis\u00f5es seguras. Com a mudan\u00e7a, aumenta a necessidade de <strong>informa\u00e7\u00e3o clara e acompanhamento m\u00e9dico<\/strong>, evitando que beb\u00eas fiquem vulner\u00e1veis \u00e0 infec\u00e7\u00e3o.<\/p>\n\n\n\n<hr class=\"wp-block-separator has-alpha-channel-opacity\"\/>\n\n\n\n<h3 class=\"wp-block-heading\">Desafios para os profissionais de sa\u00fade<\/h3>\n\n\n\n<p class=\"wp-block-paragraph\">M\u00e9dicos e enfermeiros enfrentam um cen\u00e1rio de incerteza. Pediatras relatam que a altera\u00e7\u00e3o das diretrizes pode gerar <strong>confus\u00e3o entre profissionais<\/strong>, principalmente em hospitais que j\u00e1 seguiam protocolos universais de vacina\u00e7\u00e3o.<\/p>\n\n\n\n<p class=\"wp-block-paragraph\">Al\u00e9m disso, h\u00e1 o risco de <strong>erros na identifica\u00e7\u00e3o de grupos de risco<\/strong>, j\u00e1 que nem todas as m\u00e3es realizam testes de hepatite B durante o pr\u00e9-natal. Essa falha pode resultar na exposi\u00e7\u00e3o de rec\u00e9m-nascidos a um v\u00edrus potencialmente grave, destacando a import\u00e2ncia do <strong>controle rigoroso e orienta\u00e7\u00e3o profissional<\/strong>.<\/p>\n\n\n\n<hr class=\"wp-block-separator has-alpha-channel-opacity\"\/>\n\n\n\n<h3 class=\"wp-block-heading\">Casos pr\u00e1ticos: riscos de transmiss\u00e3o vertical<\/h3>\n\n\n\n<p class=\"wp-block-paragraph\">A hepatite B pode ser transmitida da m\u00e3e para o beb\u00ea durante o parto, mesmo quando a m\u00e3e n\u00e3o apresenta sintomas. A vacina\u00e7\u00e3o universal foi criada justamente para <strong>prevenir esse tipo de transmiss\u00e3o<\/strong>, reduzindo drasticamente casos de infec\u00e7\u00e3o cr\u00f4nica em crian\u00e7as.<\/p>\n\n\n\n<p class=\"wp-block-paragraph\">Especialistas afirmam que, sem a imuniza\u00e7\u00e3o imediata, beb\u00eas de m\u00e3es portadoras n\u00e3o diagnosticadas podem <strong>desenvolver formas graves da doen\u00e7a<\/strong>. Casos em que a triagem pr\u00e9-natal falha refor\u00e7am a necessidade de manter medidas preventivas robustas, incluindo a vacina\u00e7\u00e3o universal.<\/p>\n\n\n\n<hr class=\"wp-block-separator has-alpha-channel-opacity\"\/>\n\n\n\n<h3 class=\"wp-block-heading\">Compara\u00e7\u00e3o com pol\u00edticas internacionais<\/h3>\n\n\n\n<p class=\"wp-block-paragraph\">Enquanto os EUA ajustam sua pol\u00edtica, organismos internacionais, incluindo a <strong>Organiza\u00e7\u00e3o Mundial da Sa\u00fade (OMS)<\/strong>, mant\u00eam a recomenda\u00e7\u00e3o de imuniza\u00e7\u00e3o universal ao nascer. Pa\u00edses como Canad\u00e1, Austr\u00e1lia e grande parte da Europa continuam vacinando todos os rec\u00e9m-nascidos, prevenindo a <strong>transmiss\u00e3o perinatal e a infec\u00e7\u00e3o cr\u00f4nica<\/strong>.<\/p>\n\n\n\n<p class=\"wp-block-paragraph\">Essa diverg\u00eancia destaca um <strong>retrocesso em rela\u00e7\u00e3o \u00e0s pr\u00e1ticas globais<\/strong>, o que preocupa especialistas em sa\u00fade p\u00fablica, que temem aumento de casos preven\u00edveis nos pr\u00f3ximos anos.<\/p>\n\n\n\n<hr class=\"wp-block-separator has-alpha-channel-opacity\"\/>\n\n\n\n<h3 class=\"wp-block-heading\">Considera\u00e7\u00f5es \u00e9ticas e sociais<\/h3>\n\n\n\n<p class=\"wp-block-paragraph\">A decis\u00e3o tamb\u00e9m envolve quest\u00f5es \u00e9ticas. Ao priorizar apenas grupos de risco, h\u00e1 o risco de <strong>desigualdade na prote\u00e7\u00e3o das crian\u00e7as<\/strong>, uma vez que a triagem pr\u00e9-natal n\u00e3o cobre todas as gestantes.<\/p>\n\n\n\n<p class=\"wp-block-paragraph\">Do ponto de vista social, fam\u00edlias de comunidades com menor acesso a exames m\u00e9dicos podem ter seus beb\u00eas mais expostos \u00e0 infec\u00e7\u00e3o. Isso evidencia que pol\u00edticas p\u00fablicas de imuniza\u00e7\u00e3o devem <strong>maximizar cobertura e preven\u00e7\u00e3o<\/strong>, considerando contextos socioecon\u00f4micos variados.<\/p>\n\n\n\n<hr class=\"wp-block-separator has-alpha-channel-opacity\"\/>\n\n\n\n<h3 class=\"wp-block-heading\">Estrat\u00e9gias para reduzir riscos<\/h3>\n\n\n\n<p class=\"wp-block-paragraph\">Diante da mudan\u00e7a, especialistas recomendam algumas estrat\u00e9gias para minimizar impactos:<\/p>\n\n\n\n<ul class=\"wp-block-list\">\n<li><strong>Acompanhamento pr\u00e9-natal rigoroso<\/strong>, garantindo que todas as gestantes sejam testadas para hepatite B.<\/li>\n\n\n\n<li><strong>Educa\u00e7\u00e3o de pais e cuidadores<\/strong>, explicando os riscos e a import\u00e2ncia da vacina\u00e7\u00e3o.<\/li>\n\n\n\n<li><strong>Protocolos hospitalares atualizados<\/strong>, assegurando que rec\u00e9m-nascidos de m\u00e3es portadoras recebam imuniza\u00e7\u00e3o imediatamente ap\u00f3s o parto.<\/li>\n<\/ul>\n\n\n\n<p class=\"wp-block-paragraph\">Essas medidas visam <strong>compensar a redu\u00e7\u00e3o da vacina\u00e7\u00e3o universal<\/strong>, mantendo a prote\u00e7\u00e3o das crian\u00e7as mais vulner\u00e1veis.<\/p>\n\n\n\n<hr class=\"wp-block-separator has-alpha-channel-opacity\"\/>\n\n\n\n<h3 class=\"wp-block-heading\">Percep\u00e7\u00e3o de pais e profissionais<\/h3>\n\n\n\n<p class=\"wp-block-paragraph\">Pesquisas recentes indicam que muitos pais ainda preferem a vacina\u00e7\u00e3o imediata, considerando-a um <strong>cuidado preventivo essencial<\/strong>. M\u00e9dicos, por sua vez, relatam que continuar\u00e3o recomendando a vacina ao nascer sempre que houver d\u00favida sobre o status de hepatite B da m\u00e3e.<\/p>\n\n\n\n<p class=\"wp-block-paragraph\">Essa atitude demonstra que, mesmo diante de altera\u00e7\u00f5es nas diretrizes oficiais, a pr\u00e1tica cl\u00ednica <strong>prioriza seguran\u00e7a e preven\u00e7\u00e3o<\/strong>, refletindo o compromisso com a sa\u00fade infantil.<\/p>\n\n\n\n<hr class=\"wp-block-separator has-alpha-channel-opacity\"\/>\n\n\n\n<h3 class=\"wp-block-heading\">Impactos a longo prazo<\/h3>\n\n\n\n<p class=\"wp-block-paragraph\">Se a vacina\u00e7\u00e3o universal for suspensa de fato, o risco de <strong>infec\u00e7\u00e3o cr\u00f4nica e complica\u00e7\u00f5es futuras<\/strong> pode aumentar. Crian\u00e7as infectadas podem desenvolver cirrose, insufici\u00eancia hep\u00e1tica ou c\u00e2ncer de f\u00edgado na vida adulta.<\/p>\n\n\n\n<p class=\"wp-block-paragraph\">Al\u00e9m disso, a mudan\u00e7a pode afetar a <strong>confian\u00e7a da popula\u00e7\u00e3o em programas de vacina\u00e7\u00e3o<\/strong>, j\u00e1 que a consist\u00eancia das pol\u00edticas p\u00fablicas \u00e9 essencial para manter a ades\u00e3o e reduzir a hesita\u00e7\u00e3o vacinal.<\/p>\n\n\n\n<hr class=\"wp-block-separator has-alpha-channel-opacity\"\/>\n\n\n\n<h3 class=\"wp-block-heading\">Perspectivas futuras<\/h3>\n\n\n\n<p class=\"wp-block-paragraph\">Especialistas refor\u00e7am que a decis\u00e3o norte-americana ser\u00e1 monitorada de perto. Estudos futuros avaliar\u00e3o o impacto da mudan\u00e7a na incid\u00eancia de hepatite B entre rec\u00e9m-nascidos e crian\u00e7as pequenas.<\/p>\n\n\n\n<p class=\"wp-block-paragraph\">Enquanto isso, pediatras e autoridades de sa\u00fade recomendam que <strong>pais mantenham di\u00e1logo pr\u00f3ximo com profissionais<\/strong>, seguindo protocolos individualizados e garantindo prote\u00e7\u00e3o adequada para cada beb\u00ea.<\/p>\n\n\n\n<hr class=\"wp-block-separator has-alpha-channel-opacity\"\/>\n\n\n\n<h3 class=\"wp-block-heading\">Considera\u00e7\u00f5es finais<\/h3>\n\n\n\n<p class=\"wp-block-paragraph\">A retirada da recomenda\u00e7\u00e3o universal da vacina contra hepatite B nos EUA representa um <strong>momento de debate intenso<\/strong> na comunidade m\u00e9dica. Embora o medicamento continue seguro e eficaz, seu uso consciente e orientado por profissionais \u00e9 fundamental para prevenir complica\u00e7\u00f5es graves.<\/p>\n\n\n\n<p class=\"wp-block-paragraph\">Pais, m\u00e9dicos e gestores de sa\u00fade devem colaborar para garantir que <strong>nenhuma crian\u00e7a fique desprotegida<\/strong>, equilibrando mudan\u00e7as pol\u00edticas com a necessidade de proteger a sa\u00fade infantil. A decis\u00e3o refor\u00e7a a import\u00e2ncia de informa\u00e7\u00e3o, educa\u00e7\u00e3o e acompanhamento cont\u00ednuo, lembrando que <strong>preven\u00e7\u00e3o ainda \u00e9 a melhor estrat\u00e9gia<\/strong> contra doen\u00e7as infecciosas graves.<\/p>\n","protected":false},"excerpt":{"rendered":"<p>A recente decis\u00e3o dos Estados Unidos de n\u00e3o recomendar mais a vacina contra hepatite B para todos os rec\u00e9m-nascidos gerou preocupa\u00e7\u00e3o entre m\u00e9dicos, pais e especialistas em sa\u00fade p\u00fablica. A medida rompe com uma pol\u00edtica vigente desde 1991, que buscava imunizar todos os beb\u00eas logo ap\u00f3s o nascimento, prevenindo a transmiss\u00e3o perinatal do v\u00edrus. Profissionais [&hellip;]<\/p>\n","protected":false},"author":3,"featured_media":43,"comment_status":"open","ping_status":"open","sticky":false,"template":"","format":"standard","meta":{"footnotes":""},"categories":[7],"tags":[],"class_list":["post-42","post","type-post","status-publish","format-standard","has-post-thumbnail","hentry","category-familia-saude"],"yoast_head":"<!-- This site is optimized with the Yoast SEO plugin v28.4 - https:\/\/yoast.com\/product\/yoast-seo-wordpress\/ -->\n<title>Mudan\u00e7a na recomenda\u00e7\u00e3o da vacina contra hepatite B preocupa fam\u00edlias e m\u00e9dicos - PNN SA\u00daDE<\/title>\n<meta name=\"description\" content=\"Mudan\u00e7a na recomenda\u00e7\u00e3o da vacina contra hepatite B preocupa fam\u00edlias e m\u00e9dicos. A recente decis\u00e3o dos Estados Unidos de n\u00e3o recomendar mais a vacina contra hepatite B para todos os rec\u00e9m-nascidos gerou preocupa\u00e7\u00e3o entre m\u00e9dicos, pais e especialistas em sa\u00fade p\u00fablica.\" \/>\n<meta name=\"robots\" content=\"index, follow, max-snippet:-1, max-image-preview:large, max-video-preview:-1\" \/>\n<link rel=\"canonical\" href=\"https:\/\/saude.pnn.lat\/index.php\/familia-saude\/mudanca-na-recomendacao-da-vacina-contra-hepatite-b-preocupa-familias-e-medicos\/\" \/>\n<meta property=\"og:locale\" content=\"pt_BR\" \/>\n<meta property=\"og:type\" content=\"article\" \/>\n<meta property=\"og:title\" content=\"Mudan\u00e7a na recomenda\u00e7\u00e3o da vacina contra hepatite B preocupa fam\u00edlias e m\u00e9dicos - PNN SA\u00daDE\" \/>\n<meta property=\"og:description\" content=\"Mudan\u00e7a na recomenda\u00e7\u00e3o da vacina contra hepatite B preocupa fam\u00edlias e m\u00e9dicos. A recente decis\u00e3o dos Estados Unidos de n\u00e3o recomendar mais a vacina contra hepatite B para todos os rec\u00e9m-nascidos gerou preocupa\u00e7\u00e3o entre m\u00e9dicos, pais e especialistas em sa\u00fade p\u00fablica.\" \/>\n<meta property=\"og:url\" content=\"https:\/\/saude.pnn.lat\/index.php\/familia-saude\/mudanca-na-recomendacao-da-vacina-contra-hepatite-b-preocupa-familias-e-medicos\/\" \/>\n<meta property=\"og:site_name\" content=\"PNN SA\u00daDE\" \/>\n<meta property=\"article:published_time\" content=\"2025-12-06T04:29:26+00:00\" \/>\n<meta property=\"article:modified_time\" content=\"2025-12-06T04:29:27+00:00\" \/>\n<meta property=\"og:image\" content=\"https:\/\/saude.pnn.lat\/wp-content\/uploads\/2025\/12\/rec_m_nascidos-1.jpeg\" \/>\n\t<meta property=\"og:image:width\" content=\"1280\" \/>\n\t<meta property=\"og:image:height\" content=\"1280\" \/>\n\t<meta property=\"og:image:type\" content=\"image\/jpeg\" \/>\n<meta name=\"author\" content=\"Thaisa Zago Sartori\" \/>\n<meta name=\"twitter:card\" content=\"summary_large_image\" \/>\n<meta name=\"twitter:label1\" content=\"Escrito por\" \/>\n\t<meta name=\"twitter:data1\" content=\"Thaisa Zago Sartori\" \/>\n\t<meta name=\"twitter:label2\" content=\"Est. tempo de leitura\" \/>\n\t<meta name=\"twitter:data2\" content=\"5 minutos\" \/>\n<script type=\"application\/ld+json\" class=\"yoast-schema-graph\">{\"@context\":\"https:\\\/\\\/schema.org\",\"@graph\":[{\"@type\":\"Article\",\"@id\":\"https:\\\/\\\/saude.pnn.lat\\\/index.php\\\/familia-saude\\\/mudanca-na-recomendacao-da-vacina-contra-hepatite-b-preocupa-familias-e-medicos\\\/#article\",\"isPartOf\":{\"@id\":\"https:\\\/\\\/saude.pnn.lat\\\/index.php\\\/familia-saude\\\/mudanca-na-recomendacao-da-vacina-contra-hepatite-b-preocupa-familias-e-medicos\\\/\"},\"author\":{\"name\":\"Thaisa Zago Sartori\",\"@id\":\"https:\\\/\\\/saude.pnn.lat\\\/#\\\/schema\\\/person\\\/5311a759b3abfe0cd0dbaac48bfd6873\"},\"headline\":\"Mudan\u00e7a na recomenda\u00e7\u00e3o da vacina contra hepatite B preocupa fam\u00edlias e m\u00e9dicos\",\"datePublished\":\"2025-12-06T04:29:26+00:00\",\"dateModified\":\"2025-12-06T04:29:27+00:00\",\"mainEntityOfPage\":{\"@id\":\"https:\\\/\\\/saude.pnn.lat\\\/index.php\\\/familia-saude\\\/mudanca-na-recomendacao-da-vacina-contra-hepatite-b-preocupa-familias-e-medicos\\\/\"},\"wordCount\":1055,\"commentCount\":0,\"publisher\":{\"@id\":\"https:\\\/\\\/saude.pnn.lat\\\/#organization\"},\"image\":{\"@id\":\"https:\\\/\\\/saude.pnn.lat\\\/index.php\\\/familia-saude\\\/mudanca-na-recomendacao-da-vacina-contra-hepatite-b-preocupa-familias-e-medicos\\\/#primaryimage\"},\"thumbnailUrl\":\"https:\\\/\\\/saude.pnn.lat\\\/wp-content\\\/uploads\\\/2025\\\/12\\\/rec_m_nascidos-1.jpeg\",\"articleSection\":[\"Fam\u00edlia &amp; Sa\u00fade\"],\"inLanguage\":\"pt-BR\",\"potentialAction\":[{\"@type\":\"CommentAction\",\"name\":\"Comment\",\"target\":[\"https:\\\/\\\/saude.pnn.lat\\\/index.php\\\/familia-saude\\\/mudanca-na-recomendacao-da-vacina-contra-hepatite-b-preocupa-familias-e-medicos\\\/#respond\"]}]},{\"@type\":\"WebPage\",\"@id\":\"https:\\\/\\\/saude.pnn.lat\\\/index.php\\\/familia-saude\\\/mudanca-na-recomendacao-da-vacina-contra-hepatite-b-preocupa-familias-e-medicos\\\/\",\"url\":\"https:\\\/\\\/saude.pnn.lat\\\/index.php\\\/familia-saude\\\/mudanca-na-recomendacao-da-vacina-contra-hepatite-b-preocupa-familias-e-medicos\\\/\",\"name\":\"Mudan\u00e7a na recomenda\u00e7\u00e3o da vacina contra hepatite B preocupa fam\u00edlias e m\u00e9dicos - PNN SA\u00daDE\",\"isPartOf\":{\"@id\":\"https:\\\/\\\/saude.pnn.lat\\\/#website\"},\"primaryImageOfPage\":{\"@id\":\"https:\\\/\\\/saude.pnn.lat\\\/index.php\\\/familia-saude\\\/mudanca-na-recomendacao-da-vacina-contra-hepatite-b-preocupa-familias-e-medicos\\\/#primaryimage\"},\"image\":{\"@id\":\"https:\\\/\\\/saude.pnn.lat\\\/index.php\\\/familia-saude\\\/mudanca-na-recomendacao-da-vacina-contra-hepatite-b-preocupa-familias-e-medicos\\\/#primaryimage\"},\"thumbnailUrl\":\"https:\\\/\\\/saude.pnn.lat\\\/wp-content\\\/uploads\\\/2025\\\/12\\\/rec_m_nascidos-1.jpeg\",\"datePublished\":\"2025-12-06T04:29:26+00:00\",\"dateModified\":\"2025-12-06T04:29:27+00:00\",\"description\":\"Mudan\u00e7a na recomenda\u00e7\u00e3o da vacina contra hepatite B preocupa fam\u00edlias e m\u00e9dicos. A recente decis\u00e3o dos Estados Unidos de n\u00e3o recomendar mais a vacina contra hepatite B para todos os rec\u00e9m-nascidos gerou preocupa\u00e7\u00e3o entre m\u00e9dicos, pais e especialistas em sa\u00fade p\u00fablica.\",\"breadcrumb\":{\"@id\":\"https:\\\/\\\/saude.pnn.lat\\\/index.php\\\/familia-saude\\\/mudanca-na-recomendacao-da-vacina-contra-hepatite-b-preocupa-familias-e-medicos\\\/#breadcrumb\"},\"inLanguage\":\"pt-BR\",\"potentialAction\":[{\"@type\":\"ReadAction\",\"target\":[\"https:\\\/\\\/saude.pnn.lat\\\/index.php\\\/familia-saude\\\/mudanca-na-recomendacao-da-vacina-contra-hepatite-b-preocupa-familias-e-medicos\\\/\"]}]},{\"@type\":\"ImageObject\",\"inLanguage\":\"pt-BR\",\"@id\":\"https:\\\/\\\/saude.pnn.lat\\\/index.php\\\/familia-saude\\\/mudanca-na-recomendacao-da-vacina-contra-hepatite-b-preocupa-familias-e-medicos\\\/#primaryimage\",\"url\":\"https:\\\/\\\/saude.pnn.lat\\\/wp-content\\\/uploads\\\/2025\\\/12\\\/rec_m_nascidos-1.jpeg\",\"contentUrl\":\"https:\\\/\\\/saude.pnn.lat\\\/wp-content\\\/uploads\\\/2025\\\/12\\\/rec_m_nascidos-1.jpeg\",\"width\":1280,\"height\":1280},{\"@type\":\"BreadcrumbList\",\"@id\":\"https:\\\/\\\/saude.pnn.lat\\\/index.php\\\/familia-saude\\\/mudanca-na-recomendacao-da-vacina-contra-hepatite-b-preocupa-familias-e-medicos\\\/#breadcrumb\",\"itemListElement\":[{\"@type\":\"ListItem\",\"position\":1,\"name\":\"In\u00edcio\",\"item\":\"https:\\\/\\\/saude.pnn.lat\\\/\"},{\"@type\":\"ListItem\",\"position\":2,\"name\":\"Mudan\u00e7a na recomenda\u00e7\u00e3o da vacina contra hepatite B preocupa fam\u00edlias e m\u00e9dicos\"}]},{\"@type\":\"WebSite\",\"@id\":\"https:\\\/\\\/saude.pnn.lat\\\/#website\",\"url\":\"https:\\\/\\\/saude.pnn.lat\\\/\",\"name\":\"PNN SA\u00daDE\",\"description\":\"\",\"publisher\":{\"@id\":\"https:\\\/\\\/saude.pnn.lat\\\/#organization\"},\"potentialAction\":[{\"@type\":\"SearchAction\",\"target\":{\"@type\":\"EntryPoint\",\"urlTemplate\":\"https:\\\/\\\/saude.pnn.lat\\\/?s={search_term_string}\"},\"query-input\":{\"@type\":\"PropertyValueSpecification\",\"valueRequired\":true,\"valueName\":\"search_term_string\"}}],\"inLanguage\":\"pt-BR\"},{\"@type\":\"Organization\",\"@id\":\"https:\\\/\\\/saude.pnn.lat\\\/#organization\",\"name\":\"PNN SA\u00daDE\",\"url\":\"https:\\\/\\\/saude.pnn.lat\\\/\",\"logo\":{\"@type\":\"ImageObject\",\"inLanguage\":\"pt-BR\",\"@id\":\"https:\\\/\\\/saude.pnn.lat\\\/#\\\/schema\\\/logo\\\/image\\\/\",\"url\":\"https:\\\/\\\/saude.pnn.lat\\\/wp-content\\\/uploads\\\/2025\\\/12\\\/cropped-pnn-saude.jpg\",\"contentUrl\":\"https:\\\/\\\/saude.pnn.lat\\\/wp-content\\\/uploads\\\/2025\\\/12\\\/cropped-pnn-saude.jpg\",\"width\":1023,\"height\":456,\"caption\":\"PNN SA\u00daDE\"},\"image\":{\"@id\":\"https:\\\/\\\/saude.pnn.lat\\\/#\\\/schema\\\/logo\\\/image\\\/\"}},{\"@type\":\"Person\",\"@id\":\"https:\\\/\\\/saude.pnn.lat\\\/#\\\/schema\\\/person\\\/5311a759b3abfe0cd0dbaac48bfd6873\",\"name\":\"Thaisa Zago Sartori\",\"image\":{\"@type\":\"ImageObject\",\"inLanguage\":\"pt-BR\",\"@id\":\"https:\\\/\\\/secure.gravatar.com\\\/avatar\\\/30d3726bf5cd9740ff806ab64772e422f2c582c20f62eb7f3dcae01f6815ee1f?s=96&d=mm&r=g\",\"url\":\"https:\\\/\\\/secure.gravatar.com\\\/avatar\\\/30d3726bf5cd9740ff806ab64772e422f2c582c20f62eb7f3dcae01f6815ee1f?s=96&d=mm&r=g\",\"contentUrl\":\"https:\\\/\\\/secure.gravatar.com\\\/avatar\\\/30d3726bf5cd9740ff806ab64772e422f2c582c20f62eb7f3dcae01f6815ee1f?s=96&d=mm&r=g\",\"caption\":\"Thaisa Zago Sartori\"},\"url\":\"https:\\\/\\\/saude.pnn.lat\\\/index.php\\\/author\\\/thaisa-zago-sartori\\\/\"}]}<\/script>\n<!-- \/ Yoast SEO plugin. -->","yoast_head_json":{"title":"Mudan\u00e7a na recomenda\u00e7\u00e3o da vacina contra hepatite B preocupa fam\u00edlias e m\u00e9dicos - PNN SA\u00daDE","description":"Mudan\u00e7a na recomenda\u00e7\u00e3o da vacina contra hepatite B preocupa fam\u00edlias e m\u00e9dicos. A recente decis\u00e3o dos Estados Unidos de n\u00e3o recomendar mais a vacina contra hepatite B para todos os rec\u00e9m-nascidos gerou preocupa\u00e7\u00e3o entre m\u00e9dicos, pais e especialistas em sa\u00fade p\u00fablica.","robots":{"index":"index","follow":"follow","max-snippet":"max-snippet:-1","max-image-preview":"max-image-preview:large","max-video-preview":"max-video-preview:-1"},"canonical":"https:\/\/saude.pnn.lat\/index.php\/familia-saude\/mudanca-na-recomendacao-da-vacina-contra-hepatite-b-preocupa-familias-e-medicos\/","og_locale":"pt_BR","og_type":"article","og_title":"Mudan\u00e7a na recomenda\u00e7\u00e3o da vacina contra hepatite B preocupa fam\u00edlias e m\u00e9dicos - PNN SA\u00daDE","og_description":"Mudan\u00e7a na recomenda\u00e7\u00e3o da vacina contra hepatite B preocupa fam\u00edlias e m\u00e9dicos. A recente decis\u00e3o dos Estados Unidos de n\u00e3o recomendar mais a vacina contra hepatite B para todos os rec\u00e9m-nascidos gerou preocupa\u00e7\u00e3o entre m\u00e9dicos, pais e especialistas em sa\u00fade p\u00fablica.","og_url":"https:\/\/saude.pnn.lat\/index.php\/familia-saude\/mudanca-na-recomendacao-da-vacina-contra-hepatite-b-preocupa-familias-e-medicos\/","og_site_name":"PNN SA\u00daDE","article_published_time":"2025-12-06T04:29:26+00:00","article_modified_time":"2025-12-06T04:29:27+00:00","og_image":[{"width":1280,"height":1280,"url":"https:\/\/saude.pnn.lat\/wp-content\/uploads\/2025\/12\/rec_m_nascidos-1.jpeg","type":"image\/jpeg"}],"author":"Thaisa Zago Sartori","twitter_card":"summary_large_image","twitter_misc":{"Escrito por":"Thaisa Zago Sartori","Est. tempo de leitura":"5 minutos"},"schema":{"@context":"https:\/\/schema.org","@graph":[{"@type":"Article","@id":"https:\/\/saude.pnn.lat\/index.php\/familia-saude\/mudanca-na-recomendacao-da-vacina-contra-hepatite-b-preocupa-familias-e-medicos\/#article","isPartOf":{"@id":"https:\/\/saude.pnn.lat\/index.php\/familia-saude\/mudanca-na-recomendacao-da-vacina-contra-hepatite-b-preocupa-familias-e-medicos\/"},"author":{"name":"Thaisa Zago Sartori","@id":"https:\/\/saude.pnn.lat\/#\/schema\/person\/5311a759b3abfe0cd0dbaac48bfd6873"},"headline":"Mudan\u00e7a na recomenda\u00e7\u00e3o da vacina contra hepatite B preocupa fam\u00edlias e m\u00e9dicos","datePublished":"2025-12-06T04:29:26+00:00","dateModified":"2025-12-06T04:29:27+00:00","mainEntityOfPage":{"@id":"https:\/\/saude.pnn.lat\/index.php\/familia-saude\/mudanca-na-recomendacao-da-vacina-contra-hepatite-b-preocupa-familias-e-medicos\/"},"wordCount":1055,"commentCount":0,"publisher":{"@id":"https:\/\/saude.pnn.lat\/#organization"},"image":{"@id":"https:\/\/saude.pnn.lat\/index.php\/familia-saude\/mudanca-na-recomendacao-da-vacina-contra-hepatite-b-preocupa-familias-e-medicos\/#primaryimage"},"thumbnailUrl":"https:\/\/saude.pnn.lat\/wp-content\/uploads\/2025\/12\/rec_m_nascidos-1.jpeg","articleSection":["Fam\u00edlia &amp; Sa\u00fade"],"inLanguage":"pt-BR","potentialAction":[{"@type":"CommentAction","name":"Comment","target":["https:\/\/saude.pnn.lat\/index.php\/familia-saude\/mudanca-na-recomendacao-da-vacina-contra-hepatite-b-preocupa-familias-e-medicos\/#respond"]}]},{"@type":"WebPage","@id":"https:\/\/saude.pnn.lat\/index.php\/familia-saude\/mudanca-na-recomendacao-da-vacina-contra-hepatite-b-preocupa-familias-e-medicos\/","url":"https:\/\/saude.pnn.lat\/index.php\/familia-saude\/mudanca-na-recomendacao-da-vacina-contra-hepatite-b-preocupa-familias-e-medicos\/","name":"Mudan\u00e7a na recomenda\u00e7\u00e3o da vacina contra hepatite B preocupa fam\u00edlias e m\u00e9dicos - PNN SA\u00daDE","isPartOf":{"@id":"https:\/\/saude.pnn.lat\/#website"},"primaryImageOfPage":{"@id":"https:\/\/saude.pnn.lat\/index.php\/familia-saude\/mudanca-na-recomendacao-da-vacina-contra-hepatite-b-preocupa-familias-e-medicos\/#primaryimage"},"image":{"@id":"https:\/\/saude.pnn.lat\/index.php\/familia-saude\/mudanca-na-recomendacao-da-vacina-contra-hepatite-b-preocupa-familias-e-medicos\/#primaryimage"},"thumbnailUrl":"https:\/\/saude.pnn.lat\/wp-content\/uploads\/2025\/12\/rec_m_nascidos-1.jpeg","datePublished":"2025-12-06T04:29:26+00:00","dateModified":"2025-12-06T04:29:27+00:00","description":"Mudan\u00e7a na recomenda\u00e7\u00e3o da vacina contra hepatite B preocupa fam\u00edlias e m\u00e9dicos. A recente decis\u00e3o dos Estados Unidos de n\u00e3o recomendar mais a vacina contra hepatite B para todos os rec\u00e9m-nascidos gerou preocupa\u00e7\u00e3o entre m\u00e9dicos, pais e especialistas em sa\u00fade p\u00fablica.","breadcrumb":{"@id":"https:\/\/saude.pnn.lat\/index.php\/familia-saude\/mudanca-na-recomendacao-da-vacina-contra-hepatite-b-preocupa-familias-e-medicos\/#breadcrumb"},"inLanguage":"pt-BR","potentialAction":[{"@type":"ReadAction","target":["https:\/\/saude.pnn.lat\/index.php\/familia-saude\/mudanca-na-recomendacao-da-vacina-contra-hepatite-b-preocupa-familias-e-medicos\/"]}]},{"@type":"ImageObject","inLanguage":"pt-BR","@id":"https:\/\/saude.pnn.lat\/index.php\/familia-saude\/mudanca-na-recomendacao-da-vacina-contra-hepatite-b-preocupa-familias-e-medicos\/#primaryimage","url":"https:\/\/saude.pnn.lat\/wp-content\/uploads\/2025\/12\/rec_m_nascidos-1.jpeg","contentUrl":"https:\/\/saude.pnn.lat\/wp-content\/uploads\/2025\/12\/rec_m_nascidos-1.jpeg","width":1280,"height":1280},{"@type":"BreadcrumbList","@id":"https:\/\/saude.pnn.lat\/index.php\/familia-saude\/mudanca-na-recomendacao-da-vacina-contra-hepatite-b-preocupa-familias-e-medicos\/#breadcrumb","itemListElement":[{"@type":"ListItem","position":1,"name":"In\u00edcio","item":"https:\/\/saude.pnn.lat\/"},{"@type":"ListItem","position":2,"name":"Mudan\u00e7a na recomenda\u00e7\u00e3o da vacina contra hepatite B preocupa fam\u00edlias e m\u00e9dicos"}]},{"@type":"WebSite","@id":"https:\/\/saude.pnn.lat\/#website","url":"https:\/\/saude.pnn.lat\/","name":"PNN SA\u00daDE","description":"","publisher":{"@id":"https:\/\/saude.pnn.lat\/#organization"},"potentialAction":[{"@type":"SearchAction","target":{"@type":"EntryPoint","urlTemplate":"https:\/\/saude.pnn.lat\/?s={search_term_string}"},"query-input":{"@type":"PropertyValueSpecification","valueRequired":true,"valueName":"search_term_string"}}],"inLanguage":"pt-BR"},{"@type":"Organization","@id":"https:\/\/saude.pnn.lat\/#organization","name":"PNN SA\u00daDE","url":"https:\/\/saude.pnn.lat\/","logo":{"@type":"ImageObject","inLanguage":"pt-BR","@id":"https:\/\/saude.pnn.lat\/#\/schema\/logo\/image\/","url":"https:\/\/saude.pnn.lat\/wp-content\/uploads\/2025\/12\/cropped-pnn-saude.jpg","contentUrl":"https:\/\/saude.pnn.lat\/wp-content\/uploads\/2025\/12\/cropped-pnn-saude.jpg","width":1023,"height":456,"caption":"PNN SA\u00daDE"},"image":{"@id":"https:\/\/saude.pnn.lat\/#\/schema\/logo\/image\/"}},{"@type":"Person","@id":"https:\/\/saude.pnn.lat\/#\/schema\/person\/5311a759b3abfe0cd0dbaac48bfd6873","name":"Thaisa Zago Sartori","image":{"@type":"ImageObject","inLanguage":"pt-BR","@id":"https:\/\/secure.gravatar.com\/avatar\/30d3726bf5cd9740ff806ab64772e422f2c582c20f62eb7f3dcae01f6815ee1f?s=96&d=mm&r=g","url":"https:\/\/secure.gravatar.com\/avatar\/30d3726bf5cd9740ff806ab64772e422f2c582c20f62eb7f3dcae01f6815ee1f?s=96&d=mm&r=g","contentUrl":"https:\/\/secure.gravatar.com\/avatar\/30d3726bf5cd9740ff806ab64772e422f2c582c20f62eb7f3dcae01f6815ee1f?s=96&d=mm&r=g","caption":"Thaisa Zago Sartori"},"url":"https:\/\/saude.pnn.lat\/index.php\/author\/thaisa-zago-sartori\/"}]}},"_links":{"self":[{"href":"https:\/\/saude.pnn.lat\/index.php\/wp-json\/wp\/v2\/posts\/42","targetHints":{"allow":["GET"]}}],"collection":[{"href":"https:\/\/saude.pnn.lat\/index.php\/wp-json\/wp\/v2\/posts"}],"about":[{"href":"https:\/\/saude.pnn.lat\/index.php\/wp-json\/wp\/v2\/types\/post"}],"author":[{"embeddable":true,"href":"https:\/\/saude.pnn.lat\/index.php\/wp-json\/wp\/v2\/users\/3"}],"replies":[{"embeddable":true,"href":"https:\/\/saude.pnn.lat\/index.php\/wp-json\/wp\/v2\/comments?post=42"}],"version-history":[{"count":1,"href":"https:\/\/saude.pnn.lat\/index.php\/wp-json\/wp\/v2\/posts\/42\/revisions"}],"predecessor-version":[{"id":44,"href":"https:\/\/saude.pnn.lat\/index.php\/wp-json\/wp\/v2\/posts\/42\/revisions\/44"}],"wp:featuredmedia":[{"embeddable":true,"href":"https:\/\/saude.pnn.lat\/index.php\/wp-json\/wp\/v2\/media\/43"}],"wp:attachment":[{"href":"https:\/\/saude.pnn.lat\/index.php\/wp-json\/wp\/v2\/media?parent=42"}],"wp:term":[{"taxonomy":"category","embeddable":true,"href":"https:\/\/saude.pnn.lat\/index.php\/wp-json\/wp\/v2\/categories?post=42"},{"taxonomy":"post_tag","embeddable":true,"href":"https:\/\/saude.pnn.lat\/index.php\/wp-json\/wp\/v2\/tags?post=42"}],"curies":[{"name":"wp","href":"https:\/\/api.w.org\/{rel}","templated":true}]}}