{"id":116,"date":"2026-09-06T09:02:40","date_gmt":"2026-09-06T12:02:40","guid":{"rendered":"https:\/\/saude.pnn.lat\/?p=116"},"modified":"2026-09-06T09:02:49","modified_gmt":"2026-09-06T12:02:49","slug":"o-impacto-da-proibicao-europeia-de-carne-brasileira-na-saude-preventiva-global","status":"publish","type":"post","link":"https:\/\/saude.pnn.lat\/index.php\/saude-da-mente\/o-impacto-da-proibicao-europeia-de-carne-brasileira-na-saude-preventiva-global\/","title":{"rendered":"O Impacto da Proibi\u00e7\u00e3o Europeia de Carne Brasileira na Sa\u00fade Preventiva Global"},"content":{"rendered":"<figure class=\"wp-block-image\"><img decoding=\"async\" src=\"https:\/\/saude.pnn.lat\/wp-content\/uploads\/2026\/09\/jotha-jotha-3210207d-featured_00001_-1.webp\" alt=\"O Impacto da Proibi\u00e7\u00e3o Europeia de Carne Brasileira na Sa\u00fade Preventiva Global\" \/><\/figure>\n<figure class=\"wp-block-image\"><img decoding=\"async\" src=\"https:\/\/saude.pnn.lat\/wp-content\/uploads\/2026\/09\/jotha-jotha-5d78c0f5-infographic_00001_-1.webp\" alt=\"Infogr\u00e1fico - O Impacto da Proibi\u00e7\u00e3o Europeia de Carne Brasileira na Sa\u00fade Preventiva Global\" \/><\/figure>\n<h2>O Impacto da Proibi\u00e7\u00e3o Europeia de Carne Brasileira na Sa\u00fade Preventiva Global<\/h2>\n<p>O cen\u00e1rio atual demonstra que as pol\u00edticas agr\u00edcolas internacionais modificam drasticamente os padr\u00f5es alimentares mundiais. Al\u00e9m disso, essa mudan\u00e7a exige uma an\u00e1lise cuidadosa sobre como o pre\u00e7o e a disponibilidade dos produtos afetam os h\u00e1bitos de alimenta\u00e7\u00e3o. Os especialistas observam que as cadeias de suprimentos se reorganizam para atender demandas emergentes. Contudo, esta adapta\u00e7\u00e3o n\u00e3o ocorre automaticamente nem sem consequ\u00eancias diretas na sa\u00fade p\u00fablica. A economia global responde a novas restri\u00e7\u00f5es com rapidez e adapta\u00e7\u00e3o constante. Os dados epidemiol\u00f3gicos revelam que essas altera\u00e7\u00f5es modificam os perfis de morbidade em m\u00faltiplas regi\u00f5es urbanas e rurais. As directrices sanit\u00e1rias internacionais reconhecem o papel crucial das cadeias de distribui\u00e7\u00e3o na manuten\u00e7\u00e3o da seguran\u00e7a alimentar. Portanto, a aten\u00e7\u00e3o aos fluxos log\u00edsticos torna-se prioridade absoluta para as authorities p\u00fablicas.<\/p>\n<p>Para compreender a magnitude desse fen\u00f4meno, precisamos examinar os indicadores recentes do mercado. Primeiro, as empresas europeias procuram alternativas locais ou de outros pa\u00edses produtores. Segundo, isso aumenta o custo final para o consumidor final. Al\u00e9m disso, esta press\u00e3o financial impacta diretamente a capacidade de pessoas menos privilegiadas realizar escolhas alimentares mais saud\u00e1veis. Portanto, a sa\u00fade preventiva enfrenta um novo desafio nas fronteiras globais. Os especialistas recomendam que os governments locais implementem estrat\u00e9gias de prote\u00e7\u00e3o para preservar o acesso nutricional essencial. A transpar\u00eancia nos registros de importa\u00e7\u00e3o ajuda as comunidades a monitorar a qualidade dos produtos que chegam aos mercados locais. Ainda assim, a disponibilidade limitada obriga os consumidores a explorar alternativas emergentes como legumes e prote\u00ednas vegetais.<\/p>\n<h3>Mudan\u00e7as no Mercado e Implica\u00e7\u00f5es Nutricionais<\/h3>\n<p>As empresas europeias procuram alternativas locais ou de outros pa\u00edses produtores. Segundo, isso aumenta o custo final para o consumidor final. Al\u00e9m al\u00e9m, essa press\u00e3o financial impacta diretamente a capacidade de pessoas menos privilegiadas realizar escolhas alimentares mais saud\u00e1veis. Portanto, a sa\u00fade preventiva enfrenta um novo desafio nas fronteiras globais. Os especialistas observam que os padr\u00f5es di\u00e1rios se ajustam rapidamente a novas restri\u00e7\u00f5es log\u00edsticas. Contudo, estas adapta\u00e7\u00f5es n\u00e3o garantem automaticamente uma melhoria na qualidade nutricional dos produtos finais. Entretanto, a transpar\u00eancia nas cadeias de suprimentos melhora a vigil\u00e2ncia sanit\u00e1ria internacional. Inclusive, isso fortalece a consci\u00eancia sobre os impactos ambientais e humanos das pr\u00e1ticas agr\u00edcolas globais. Ainda assim, a disponibilidade limitada obriga os consumidores a explorar alternativas emergentes como legumes e prote\u00ednas vegetais. Os programas de educa\u00e7\u00e3o alimentar promovem t\u00e9cnicas de substitui\u00e7\u00e3o que mant\u00eam o equil\u00edbrio macromolecular adequado para popula\u00e7\u00f5es urbanas. As pesquisas cl\u00ednicas confirmam que estas transi\u00e7\u00f5es reduzem significativamente a ingest\u00e3o de saturadas na popula\u00e7\u00e3o europeia.<\/p>\n<h3>Indicadores de Pre\u00e7o e Acessibilidade Alimentar<\/h3>\n<p>A tabela abaixo mostra dados comparativos recentes sobre varia\u00e7\u00e3o de pre\u00e7os e disponibilidade em tr\u00eas regi\u00f5es principais do mercado europeu.<\/p>\n<table class=\"jotha-table\">\n<thead>\n<tr>\n<th>Regi\u00e3o<\/th>\n<th>Varia\u00e7\u00e3o de Pre\u00e7o (2023\/2024)<\/th>\n<th>Disponibilidade Relativa<\/th>\n<\/tr>\n<\/thead>\n<tbody>\n<tr>\n<td>Uni\u00e3o Europea Ocidental<\/td>\n<td>+18%<\/td>\n<td>Baixa<\/td>\n<\/tr>\n<tr>\n<td>N\u00f3rdica e Baltico<\/td>\n<td>+12%<\/td>\n<td>M\u00e9dia<\/td>\n<\/tr>\n<tr>\n<td>Sul Europeu<\/td>\n<td>+5%<\/td>\n<td>Alta<\/td>\n<\/tr>\n<\/tbody>\n<\/table>\n<p>Esses n\u00fameros revelam que a press\u00e3o de pre\u00e7o afeta desproporcionalmente as popula\u00e7\u00f5es mais vulner\u00e1veis. Por outro lado, os governments locais implementam estrat\u00e9gias de subsidiza\u00e7\u00e3o para proteger o consumo nutricional essencial. Contudo, estas medidas t\u00eam efeito tempor\u00e1rio e n\u00e3o resolvem a falta de infraestrutura log\u00edstica global. Al\u00e9m disso, as ONGs de sa\u00fade preventiva trabalham intensivamente para promover alternativas acess\u00edveis e nutritivas. Portanto, a responsabilidade compartilhada entre mercado, estado e cidad\u00e3os torna-se cr\u00edtica neste momento. A colabora\u00e7\u00e3o t\u00e9cnica ajuda as comunidades a superar as limita\u00e7\u00f5es atuais do sistema de distribui\u00e7\u00e3o alimentar internacional. Os indicadores de acesso demonstram que regi\u00f5es com infraestrutura robusta mant\u00eam menores taxas de falha na sele\u00e7\u00e3o de prote\u00ednas adequadas.<\/p>\n<h3>Padr\u00f5es Alimentares e Preven\u00e7\u00e3o em Contexto Global<\/h3>\n<p>Os estudos epidemiol\u00f3gicos indicam que as mudan\u00e7as no consumo proteico alteram os perfis de doen\u00e7as cr\u00f4nicas. Contudo, a redu\u00e7\u00e3o do consumo animal tradicional n\u00e3o resulta na adi\u00e7\u00e3o autom\u00e1tica de prote\u00ednas vegetais balanceadas. Al\u00e9m isso, essa transi\u00e7\u00e3o exige planejamento diet\u00e9tico adequado e acompanhamento constante dos profissionais de sa\u00fade. Inclusive, isto reduz o risco de hipertens\u00e3o, diabetes tipo 2 e problemas cardiovasculares em larga escala. Os especialistas recomendam que as pol\u00edticas p\u00fablicas priorizem a forma\u00e7\u00e3o nutricional desde a adolesc\u00eancia. Ainda assim, a educa\u00e7\u00e3o alimentar precisa se adaptar \u00e0s novas realidades do mercado global. Al\u00e9m al\u00e9m, a colabora\u00e7\u00e3o entre pa\u00edses produtores e consumidores promve uma economia de alimentos mais sustent\u00e1vel. Por outro lado, a transpar\u00eancia nas rotulas alimentares ajuda os cidad\u00e3os a tomar decis\u00f5es informadas sobre o conte\u00fado dos produtos. Portanto, a sa\u00fade preventiva moderna depende de dados precisos e de estrat\u00e9gias de longo prazo. A vigil\u00e2ncia constante protege a popula\u00e7\u00e3o contra riscos emergentes na dieta global. Os sistemas de monitoramento p\u00fablico registram diminui\u00e7\u00f5es progressivas nos taxas de morbidade relacionados a dietas desequilibradas. As iniciativas internacionais consolidam estas pr\u00e1ticas em protocolos padr\u00e3o para regi\u00f5es emergentes.<\/p>\n<h3>Conclus\u00e3o<\/h3>\n<p>A proibi\u00e7\u00e3o europeia sobre a carne brasileira destaca como as decis\u00f5es pol\u00edticas internacionais moldam os h\u00e1bitos alimentares mundiais. Contudo, essa mudan\u00e7a exige vigil\u00e2ncia constante sobre os impactos na sa\u00fade p\u00fablica global. Al\u00e9m disso, as comunidades precisam adaptar suas estrat\u00e9gias de preven\u00e7\u00e3o \u00e0 nova realidade do mercado alimentar. Portanto, a colabora\u00e7\u00e3o internacional sobre sustentabilidade e acesso nutricional define o futuro da sa\u00fade preventiva. A aten\u00e7\u00e3o aos dados econ\u00f4micos e \u00e0s necessidades dos consumidores mais vulner\u00e1veis garante que as solu\u00e7\u00f5es sejam equitativas e eficazes. Assim, a sa\u00fade global prospera quando economia, pol\u00edtica e nutri\u00e7\u00e3o operam em sinergia. Os especialistas esperam que estas tend\u00eancias se consolidem nos pr\u00f3ximos anos. As pr\u00f3ximas gera\u00e7\u00f5es herdar\u00e3o sistemas alimentares mais seguros e acess\u00edveis para todos os habitantes.<\/p>\n<h3>Leia tambem<\/h3>\n<ul>\n<li><a href=\"http:\/\/pnn.lat\/entretenimento\/cultura-geek\/barreira-europeia-a-carne-brasileira-impacta-precos-no-mercado-e-economia-rural-nacional\/\" target=\"_blank\" rel=\"noopener\">Barreira europeia \u00e0 carne brasileira impacta pre\u00e7os no mercado e economia rural nacional<\/a> <em>(pnn.lat)<\/em><\/li>\n<li><a href=\"https:\/\/dnn.lat\/ue-barra-carne-do-brasil-o-preco-vai-cair-veja-impacto-no-boleto-e-nos-frigorificos\/\" target=\"_blank\" rel=\"noopener\">UE barra carne do Brasil: o pre\u00e7o vai cair? Veja impacto no boleto e nos frigor\u00edficos<\/a> <em>(dnn.lat)<\/em><\/li>\n<li><a href=\"https:\/\/tec.dnn.lat\/mercado-negocios\/o-impacto-global-da-possivel-venda-da-warner-bros-discovery-para-a-netflix\/\" target=\"_blank\" rel=\"noopener\">O impacto global da poss\u00edvel venda da Warner Bros. Discovery para a Netflix<\/a> <em>(tec.dnn.lat)<\/em><\/li>\n<li><a href=\"https:\/\/saude.pnn.lat\/index.php\/alimentacao-saudavel\/o-impacto-do-preco-da-carne-na-nutricao-preventiva-no-brasil-dados-e-estrategias\/\" target=\"_blank\" rel=\"noopener\">O impacto do pre\u00e7o da carne na nutri\u00e7\u00e3o preventiva no Brasil: dados e estrat\u00e9gias<\/a> <em>(saude.pnn.lat)<\/em><\/li>\n<li><a href=\"https:\/\/saude.pnn.lat\/index.php\/saude-da-mente\/como-os-limites-de-importacao-alimentaria-impactam-o-planejamento-nutricional-e-a-prevencao-de-doencas\/\" target=\"_blank\" rel=\"noopener\">Como os Limites de Importa\u00e7\u00e3o Aliment\u00e1ria Impactam o Planejamento Nutricional e a Preven\u00e7\u00e3o de Doen\u00e7as<\/a> <em>(saude.pnn.lat)<\/em><\/li>\n<\/ul>\n","protected":false},"excerpt":{"rendered":"<p>O Impacto da Proibi\u00e7\u00e3o Europeia de Carne Brasileira na Sa\u00fade Preventiva Global O cen\u00e1rio atual demonstra que as pol\u00edticas agr\u00edcolas internacionais modificam drasticamente os padr\u00f5es alimentares mundiais. Al\u00e9m disso, essa mudan\u00e7a exige uma an\u00e1lise cuidadosa sobre como o pre\u00e7o e a disponibilidade dos produtos afetam os h\u00e1bitos de alimenta\u00e7\u00e3o. Os especialistas observam que as cadeias [&hellip;]<\/p>\n","protected":false},"author":3,"featured_media":114,"comment_status":"closed","ping_status":"open","sticky":false,"template":"","format":"standard","meta":{"footnotes":""},"categories":[3],"tags":[47,46,45,35,61],"class_list":["post-116","post","type-post","status-publish","format-standard","has-post-thumbnail","hentry","category-saude-da-mente","tag-brasileira","tag-carne","tag-europeia","tag-impacto","tag-proibicao"],"yoast_head":"<!-- This site is optimized with the Yoast SEO plugin v28.4 - https:\/\/yoast.com\/product\/yoast-seo-wordpress\/ -->\n<title>O Impacto da Proibi\u00e7\u00e3o Europeia de Carne Brasileira na Sa\u00fade<\/title>\n<meta name=\"description\" content=\"O Impacto da Proibi\u00e7\u00e3o Europeia de Carne Brasileira na Sa\u00fade Preventiva Global O cen\u00e1rio atual demonstra que as pol\u00edticas agr\u00edcolas internacionais mo...\" \/>\n<meta name=\"robots\" content=\"index, follow, max-snippet:-1, max-image-preview:large, max-video-preview:-1\" \/>\n<link rel=\"canonical\" href=\"\/o-impacto-da-proibicao-europeia-de-carne-brasileira-na-saude-preventiva-global\/\" \/>\n<meta property=\"og:locale\" content=\"pt_BR\" \/>\n<meta property=\"og:type\" content=\"article\" \/>\n<meta property=\"og:title\" content=\"O Impacto da Proibi\u00e7\u00e3o Europeia de Carne Brasileira na Sa\u00fade Preventiva Global\" \/>\n<meta property=\"og:description\" content=\"O Impacto da Proibi\u00e7\u00e3o Europeia de Carne Brasileira na Sa\u00fade Preventiva Global O cen\u00e1rio atual demonstra que as pol\u00edticas agr\u00edcolas internacionais modificam drasticamente os padr\u00f5...\" \/>\n<meta property=\"og:url\" content=\"\/o-impacto-da-proibicao-europeia-de-carne-brasileira-na-saude-preventiva-global\/\" \/>\n<meta property=\"og:site_name\" content=\"PNN SA\u00daDE\" \/>\n<meta property=\"article:published_time\" content=\"2026-09-06T12:02:40+00:00\" \/>\n<meta property=\"article:modified_time\" content=\"2026-09-06T12:02:49+00:00\" \/>\n<meta property=\"og:image\" content=\"https:\/\/saude.pnn.lat\/wp-content\/uploads\/2026\/09\/jotha-jotha-3210207d-featured_00001_-1.webp\" \/>\n\t<meta property=\"og:image:width\" content=\"1920\" \/>\n\t<meta property=\"og:image:height\" content=\"1080\" \/>\n\t<meta property=\"og:image:type\" content=\"image\/webp\" \/>\n<meta name=\"author\" content=\"Thaisa Zago Sartori\" \/>\n<meta name=\"twitter:card\" content=\"summary_large_image\" \/>\n<meta name=\"twitter:title\" content=\"O Impacto da Proibi\u00e7\u00e3o Europeia de Carne Brasileira na Sa\u00fade Preventiv\" \/>\n<meta name=\"twitter:description\" content=\"O Impacto da Proibi\u00e7\u00e3o Europeia de Carne Brasileira na Sa\u00fade Preventiva Global O cen\u00e1rio atual demonstra que as pol\u00edticas agr\u00edcolas internacionais modificam drasticamente os padr\u00f5...\" \/>\n<meta name=\"twitter:label1\" content=\"Escrito por\" \/>\n\t<meta name=\"twitter:data1\" content=\"Thaisa Zago Sartori\" \/>\n\t<meta name=\"twitter:label2\" content=\"Est. tempo de leitura\" \/>\n\t<meta name=\"twitter:data2\" content=\"6 minutos\" \/>\n<script type=\"application\/ld+json\" class=\"yoast-schema-graph\">{\"@context\":\"https:\\\/\\\/schema.org\",\"@graph\":[{\"@type\":\"Article\",\"@id\":\"\\\/o-impacto-da-proibicao-europeia-de-carne-brasileira-na-saude-preventiva-global\\\/#article\",\"isPartOf\":{\"@id\":\"https:\\\/\\\/saude.pnn.lat\\\/index.php\\\/saude-da-mente\\\/o-impacto-da-proibicao-europeia-de-carne-brasileira-na-saude-preventiva-global\\\/\"},\"author\":{\"name\":\"Thaisa Zago Sartori\",\"@id\":\"https:\\\/\\\/saude.pnn.lat\\\/#\\\/schema\\\/person\\\/5311a759b3abfe0cd0dbaac48bfd6873\"},\"headline\":\"O Impacto da Proibi\u00e7\u00e3o Europeia de Carne Brasileira na Sa\u00fade Preventiva Global\",\"datePublished\":\"2026-09-06T12:02:40+00:00\",\"dateModified\":\"2026-09-06T12:02:49+00:00\",\"mainEntityOfPage\":{\"@id\":\"https:\\\/\\\/saude.pnn.lat\\\/index.php\\\/saude-da-mente\\\/o-impacto-da-proibicao-europeia-de-carne-brasileira-na-saude-preventiva-global\\\/\"},\"wordCount\":1160,\"publisher\":{\"@id\":\"https:\\\/\\\/saude.pnn.lat\\\/#organization\"},\"image\":{\"@id\":\"\\\/o-impacto-da-proibicao-europeia-de-carne-brasileira-na-saude-preventiva-global\\\/#primaryimage\"},\"thumbnailUrl\":\"https:\\\/\\\/saude.pnn.lat\\\/wp-content\\\/uploads\\\/2026\\\/09\\\/jotha-jotha-3210207d-featured_00001_-1.webp\",\"keywords\":[\"Brasileira\",\"Carne\",\"Europeia\",\"Impacto\",\"Proibi\u00e7\u00e3o\"],\"articleSection\":[\"Sa\u00fade da Mente\"],\"inLanguage\":\"pt-BR\"},{\"@type\":\"WebPage\",\"@id\":\"https:\\\/\\\/saude.pnn.lat\\\/index.php\\\/saude-da-mente\\\/o-impacto-da-proibicao-europeia-de-carne-brasileira-na-saude-preventiva-global\\\/\",\"url\":\"\\\/o-impacto-da-proibicao-europeia-de-carne-brasileira-na-saude-preventiva-global\\\/\",\"name\":\"O Impacto da Proibi\u00e7\u00e3o Europeia de Carne Brasileira na Sa\u00fade\",\"isPartOf\":{\"@id\":\"https:\\\/\\\/saude.pnn.lat\\\/#website\"},\"primaryImageOfPage\":{\"@id\":\"\\\/o-impacto-da-proibicao-europeia-de-carne-brasileira-na-saude-preventiva-global\\\/#primaryimage\"},\"image\":{\"@id\":\"\\\/o-impacto-da-proibicao-europeia-de-carne-brasileira-na-saude-preventiva-global\\\/#primaryimage\"},\"thumbnailUrl\":\"https:\\\/\\\/saude.pnn.lat\\\/wp-content\\\/uploads\\\/2026\\\/09\\\/jotha-jotha-3210207d-featured_00001_-1.webp\",\"datePublished\":\"2026-09-06T12:02:40+00:00\",\"dateModified\":\"2026-09-06T12:02:49+00:00\",\"description\":\"O Impacto da Proibi\u00e7\u00e3o Europeia de Carne Brasileira na Sa\u00fade Preventiva Global O cen\u00e1rio atual demonstra que as pol\u00edticas agr\u00edcolas internacionais mo...\",\"breadcrumb\":{\"@id\":\"\\\/o-impacto-da-proibicao-europeia-de-carne-brasileira-na-saude-preventiva-global\\\/#breadcrumb\"},\"inLanguage\":\"pt-BR\",\"potentialAction\":[{\"@type\":\"ReadAction\",\"target\":[\"\\\/o-impacto-da-proibicao-europeia-de-carne-brasileira-na-saude-preventiva-global\\\/\"]}]},{\"@type\":\"ImageObject\",\"inLanguage\":\"pt-BR\",\"@id\":\"\\\/o-impacto-da-proibicao-europeia-de-carne-brasileira-na-saude-preventiva-global\\\/#primaryimage\",\"url\":\"https:\\\/\\\/saude.pnn.lat\\\/wp-content\\\/uploads\\\/2026\\\/09\\\/jotha-jotha-3210207d-featured_00001_-1.webp\",\"contentUrl\":\"https:\\\/\\\/saude.pnn.lat\\\/wp-content\\\/uploads\\\/2026\\\/09\\\/jotha-jotha-3210207d-featured_00001_-1.webp\",\"width\":1920,\"height\":1080},{\"@type\":\"BreadcrumbList\",\"@id\":\"\\\/o-impacto-da-proibicao-europeia-de-carne-brasileira-na-saude-preventiva-global\\\/#breadcrumb\",\"itemListElement\":[{\"@type\":\"ListItem\",\"position\":1,\"name\":\"In\u00edcio\",\"item\":\"https:\\\/\\\/saude.pnn.lat\\\/\"},{\"@type\":\"ListItem\",\"position\":2,\"name\":\"O Impacto da Proibi\u00e7\u00e3o Europeia de Carne Brasileira na Sa\u00fade Preventiva Global\"}]},{\"@type\":\"WebSite\",\"@id\":\"https:\\\/\\\/saude.pnn.lat\\\/#website\",\"url\":\"https:\\\/\\\/saude.pnn.lat\\\/\",\"name\":\"PNN SA\u00daDE\",\"description\":\"\",\"publisher\":{\"@id\":\"https:\\\/\\\/saude.pnn.lat\\\/#organization\"},\"potentialAction\":[{\"@type\":\"SearchAction\",\"target\":{\"@type\":\"EntryPoint\",\"urlTemplate\":\"https:\\\/\\\/saude.pnn.lat\\\/?s={search_term_string}\"},\"query-input\":{\"@type\":\"PropertyValueSpecification\",\"valueRequired\":true,\"valueName\":\"search_term_string\"}}],\"inLanguage\":\"pt-BR\"},{\"@type\":\"Organization\",\"@id\":\"https:\\\/\\\/saude.pnn.lat\\\/#organization\",\"name\":\"PNN SA\u00daDE\",\"url\":\"https:\\\/\\\/saude.pnn.lat\\\/\",\"logo\":{\"@type\":\"ImageObject\",\"inLanguage\":\"pt-BR\",\"@id\":\"https:\\\/\\\/saude.pnn.lat\\\/#\\\/schema\\\/logo\\\/image\\\/\",\"url\":\"https:\\\/\\\/saude.pnn.lat\\\/wp-content\\\/uploads\\\/2025\\\/12\\\/cropped-pnn-saude.jpg\",\"contentUrl\":\"https:\\\/\\\/saude.pnn.lat\\\/wp-content\\\/uploads\\\/2025\\\/12\\\/cropped-pnn-saude.jpg\",\"width\":1023,\"height\":456,\"caption\":\"PNN SA\u00daDE\"},\"image\":{\"@id\":\"https:\\\/\\\/saude.pnn.lat\\\/#\\\/schema\\\/logo\\\/image\\\/\"}},{\"@type\":\"Person\",\"@id\":\"https:\\\/\\\/saude.pnn.lat\\\/#\\\/schema\\\/person\\\/5311a759b3abfe0cd0dbaac48bfd6873\",\"name\":\"Thaisa Zago Sartori\",\"image\":{\"@type\":\"ImageObject\",\"inLanguage\":\"pt-BR\",\"@id\":\"https:\\\/\\\/secure.gravatar.com\\\/avatar\\\/30d3726bf5cd9740ff806ab64772e422f2c582c20f62eb7f3dcae01f6815ee1f?s=96&d=mm&r=g\",\"url\":\"https:\\\/\\\/secure.gravatar.com\\\/avatar\\\/30d3726bf5cd9740ff806ab64772e422f2c582c20f62eb7f3dcae01f6815ee1f?s=96&d=mm&r=g\",\"contentUrl\":\"https:\\\/\\\/secure.gravatar.com\\\/avatar\\\/30d3726bf5cd9740ff806ab64772e422f2c582c20f62eb7f3dcae01f6815ee1f?s=96&d=mm&r=g\",\"caption\":\"Thaisa Zago Sartori\"},\"url\":\"https:\\\/\\\/saude.pnn.lat\\\/index.php\\\/author\\\/thaisa-zago-sartori\\\/\"}]}<\/script>\n<!-- \/ Yoast SEO plugin. -->","yoast_head_json":{"title":"O Impacto da Proibi\u00e7\u00e3o Europeia de Carne Brasileira na Sa\u00fade","description":"O Impacto da Proibi\u00e7\u00e3o Europeia de Carne Brasileira na Sa\u00fade Preventiva Global O cen\u00e1rio atual demonstra que as pol\u00edticas agr\u00edcolas internacionais mo...","robots":{"index":"index","follow":"follow","max-snippet":"max-snippet:-1","max-image-preview":"max-image-preview:large","max-video-preview":"max-video-preview:-1"},"canonical":"\/o-impacto-da-proibicao-europeia-de-carne-brasileira-na-saude-preventiva-global\/","og_locale":"pt_BR","og_type":"article","og_title":"O Impacto da Proibi\u00e7\u00e3o Europeia de Carne Brasileira na Sa\u00fade Preventiva Global","og_description":"O Impacto da Proibi\u00e7\u00e3o Europeia de Carne Brasileira na Sa\u00fade Preventiva Global O cen\u00e1rio atual demonstra que as pol\u00edticas agr\u00edcolas internacionais modificam drasticamente os padr\u00f5...","og_url":"\/o-impacto-da-proibicao-europeia-de-carne-brasileira-na-saude-preventiva-global\/","og_site_name":"PNN SA\u00daDE","article_published_time":"2026-09-06T12:02:40+00:00","article_modified_time":"2026-09-06T12:02:49+00:00","og_image":[{"width":1920,"height":1080,"url":"https:\/\/saude.pnn.lat\/wp-content\/uploads\/2026\/09\/jotha-jotha-3210207d-featured_00001_-1.webp","type":"image\/webp"}],"author":"Thaisa Zago Sartori","twitter_card":"summary_large_image","twitter_title":"O Impacto da Proibi\u00e7\u00e3o Europeia de Carne Brasileira na Sa\u00fade Preventiv","twitter_description":"O Impacto da Proibi\u00e7\u00e3o Europeia de Carne Brasileira na Sa\u00fade Preventiva Global O cen\u00e1rio atual demonstra que as pol\u00edticas agr\u00edcolas internacionais modificam drasticamente os padr\u00f5...","twitter_misc":{"Escrito por":"Thaisa Zago Sartori","Est. tempo de leitura":"6 minutos"},"schema":{"@context":"https:\/\/schema.org","@graph":[{"@type":"Article","@id":"\/o-impacto-da-proibicao-europeia-de-carne-brasileira-na-saude-preventiva-global\/#article","isPartOf":{"@id":"https:\/\/saude.pnn.lat\/index.php\/saude-da-mente\/o-impacto-da-proibicao-europeia-de-carne-brasileira-na-saude-preventiva-global\/"},"author":{"name":"Thaisa Zago Sartori","@id":"https:\/\/saude.pnn.lat\/#\/schema\/person\/5311a759b3abfe0cd0dbaac48bfd6873"},"headline":"O Impacto da Proibi\u00e7\u00e3o Europeia de Carne Brasileira na Sa\u00fade Preventiva Global","datePublished":"2026-09-06T12:02:40+00:00","dateModified":"2026-09-06T12:02:49+00:00","mainEntityOfPage":{"@id":"https:\/\/saude.pnn.lat\/index.php\/saude-da-mente\/o-impacto-da-proibicao-europeia-de-carne-brasileira-na-saude-preventiva-global\/"},"wordCount":1160,"publisher":{"@id":"https:\/\/saude.pnn.lat\/#organization"},"image":{"@id":"\/o-impacto-da-proibicao-europeia-de-carne-brasileira-na-saude-preventiva-global\/#primaryimage"},"thumbnailUrl":"https:\/\/saude.pnn.lat\/wp-content\/uploads\/2026\/09\/jotha-jotha-3210207d-featured_00001_-1.webp","keywords":["Brasileira","Carne","Europeia","Impacto","Proibi\u00e7\u00e3o"],"articleSection":["Sa\u00fade da Mente"],"inLanguage":"pt-BR"},{"@type":"WebPage","@id":"https:\/\/saude.pnn.lat\/index.php\/saude-da-mente\/o-impacto-da-proibicao-europeia-de-carne-brasileira-na-saude-preventiva-global\/","url":"\/o-impacto-da-proibicao-europeia-de-carne-brasileira-na-saude-preventiva-global\/","name":"O Impacto da Proibi\u00e7\u00e3o Europeia de Carne Brasileira na Sa\u00fade","isPartOf":{"@id":"https:\/\/saude.pnn.lat\/#website"},"primaryImageOfPage":{"@id":"\/o-impacto-da-proibicao-europeia-de-carne-brasileira-na-saude-preventiva-global\/#primaryimage"},"image":{"@id":"\/o-impacto-da-proibicao-europeia-de-carne-brasileira-na-saude-preventiva-global\/#primaryimage"},"thumbnailUrl":"https:\/\/saude.pnn.lat\/wp-content\/uploads\/2026\/09\/jotha-jotha-3210207d-featured_00001_-1.webp","datePublished":"2026-09-06T12:02:40+00:00","dateModified":"2026-09-06T12:02:49+00:00","description":"O Impacto da Proibi\u00e7\u00e3o Europeia de Carne Brasileira na Sa\u00fade Preventiva Global O cen\u00e1rio atual demonstra que as pol\u00edticas agr\u00edcolas internacionais mo...","breadcrumb":{"@id":"\/o-impacto-da-proibicao-europeia-de-carne-brasileira-na-saude-preventiva-global\/#breadcrumb"},"inLanguage":"pt-BR","potentialAction":[{"@type":"ReadAction","target":["\/o-impacto-da-proibicao-europeia-de-carne-brasileira-na-saude-preventiva-global\/"]}]},{"@type":"ImageObject","inLanguage":"pt-BR","@id":"\/o-impacto-da-proibicao-europeia-de-carne-brasileira-na-saude-preventiva-global\/#primaryimage","url":"https:\/\/saude.pnn.lat\/wp-content\/uploads\/2026\/09\/jotha-jotha-3210207d-featured_00001_-1.webp","contentUrl":"https:\/\/saude.pnn.lat\/wp-content\/uploads\/2026\/09\/jotha-jotha-3210207d-featured_00001_-1.webp","width":1920,"height":1080},{"@type":"BreadcrumbList","@id":"\/o-impacto-da-proibicao-europeia-de-carne-brasileira-na-saude-preventiva-global\/#breadcrumb","itemListElement":[{"@type":"ListItem","position":1,"name":"In\u00edcio","item":"https:\/\/saude.pnn.lat\/"},{"@type":"ListItem","position":2,"name":"O Impacto da Proibi\u00e7\u00e3o Europeia de Carne Brasileira na Sa\u00fade Preventiva Global"}]},{"@type":"WebSite","@id":"https:\/\/saude.pnn.lat\/#website","url":"https:\/\/saude.pnn.lat\/","name":"PNN SA\u00daDE","description":"","publisher":{"@id":"https:\/\/saude.pnn.lat\/#organization"},"potentialAction":[{"@type":"SearchAction","target":{"@type":"EntryPoint","urlTemplate":"https:\/\/saude.pnn.lat\/?s={search_term_string}"},"query-input":{"@type":"PropertyValueSpecification","valueRequired":true,"valueName":"search_term_string"}}],"inLanguage":"pt-BR"},{"@type":"Organization","@id":"https:\/\/saude.pnn.lat\/#organization","name":"PNN SA\u00daDE","url":"https:\/\/saude.pnn.lat\/","logo":{"@type":"ImageObject","inLanguage":"pt-BR","@id":"https:\/\/saude.pnn.lat\/#\/schema\/logo\/image\/","url":"https:\/\/saude.pnn.lat\/wp-content\/uploads\/2025\/12\/cropped-pnn-saude.jpg","contentUrl":"https:\/\/saude.pnn.lat\/wp-content\/uploads\/2025\/12\/cropped-pnn-saude.jpg","width":1023,"height":456,"caption":"PNN SA\u00daDE"},"image":{"@id":"https:\/\/saude.pnn.lat\/#\/schema\/logo\/image\/"}},{"@type":"Person","@id":"https:\/\/saude.pnn.lat\/#\/schema\/person\/5311a759b3abfe0cd0dbaac48bfd6873","name":"Thaisa Zago Sartori","image":{"@type":"ImageObject","inLanguage":"pt-BR","@id":"https:\/\/secure.gravatar.com\/avatar\/30d3726bf5cd9740ff806ab64772e422f2c582c20f62eb7f3dcae01f6815ee1f?s=96&d=mm&r=g","url":"https:\/\/secure.gravatar.com\/avatar\/30d3726bf5cd9740ff806ab64772e422f2c582c20f62eb7f3dcae01f6815ee1f?s=96&d=mm&r=g","contentUrl":"https:\/\/secure.gravatar.com\/avatar\/30d3726bf5cd9740ff806ab64772e422f2c582c20f62eb7f3dcae01f6815ee1f?s=96&d=mm&r=g","caption":"Thaisa Zago Sartori"},"url":"https:\/\/saude.pnn.lat\/index.php\/author\/thaisa-zago-sartori\/"}]}},"_links":{"self":[{"href":"https:\/\/saude.pnn.lat\/index.php\/wp-json\/wp\/v2\/posts\/116","targetHints":{"allow":["GET"]}}],"collection":[{"href":"https:\/\/saude.pnn.lat\/index.php\/wp-json\/wp\/v2\/posts"}],"about":[{"href":"https:\/\/saude.pnn.lat\/index.php\/wp-json\/wp\/v2\/types\/post"}],"author":[{"embeddable":true,"href":"https:\/\/saude.pnn.lat\/index.php\/wp-json\/wp\/v2\/users\/3"}],"replies":[{"embeddable":true,"href":"https:\/\/saude.pnn.lat\/index.php\/wp-json\/wp\/v2\/comments?post=116"}],"version-history":[{"count":1,"href":"https:\/\/saude.pnn.lat\/index.php\/wp-json\/wp\/v2\/posts\/116\/revisions"}],"predecessor-version":[{"id":117,"href":"https:\/\/saude.pnn.lat\/index.php\/wp-json\/wp\/v2\/posts\/116\/revisions\/117"}],"wp:featuredmedia":[{"embeddable":true,"href":"https:\/\/saude.pnn.lat\/index.php\/wp-json\/wp\/v2\/media\/114"}],"wp:attachment":[{"href":"https:\/\/saude.pnn.lat\/index.php\/wp-json\/wp\/v2\/media?parent=116"}],"wp:term":[{"taxonomy":"category","embeddable":true,"href":"https:\/\/saude.pnn.lat\/index.php\/wp-json\/wp\/v2\/categories?post=116"},{"taxonomy":"post_tag","embeddable":true,"href":"https:\/\/saude.pnn.lat\/index.php\/wp-json\/wp\/v2\/tags?post=116"}],"curies":[{"name":"wp","href":"https:\/\/api.w.org\/{rel}","templated":true}]}}