{"id":112,"date":"2026-09-06T08:58:09","date_gmt":"2026-09-06T11:58:09","guid":{"rendered":"https:\/\/saude.pnn.lat\/?p=112"},"modified":"2026-09-06T08:58:18","modified_gmt":"2026-09-06T11:58:18","slug":"o-impacto-do-preco-da-carne-na-nutricao-preventiva-no-brasil-dados-e-estrategias","status":"publish","type":"post","link":"https:\/\/saude.pnn.lat\/index.php\/alimentacao-saudavel\/o-impacto-do-preco-da-carne-na-nutricao-preventiva-no-brasil-dados-e-estrategias\/","title":{"rendered":"O impacto do pre\u00e7o da carne na nutri\u00e7\u00e3o preventiva no Brasil: dados e estrat\u00e9gias"},"content":{"rendered":"<h2>O impacto do pre\u00e7o da carne na nutri\u00e7\u00e3o preventiva no Brasil: dados e estrat\u00e9gias<\/h2>\n<p>O aumento abrupto dos pre\u00e7os de carnes no mercado brasileiro exige aten\u00e7\u00e3o imediata dos profissionais de sa\u00fade. Os consumidores enfrentam escolhas dif\u00edceis quando a economia alterna rapidamente. Al\u00e9m disso, essa volatilidade comercial afeta diretamente os h\u00e1bitos alimentares di\u00e1rios. Muitas fam\u00edlias reduzem a frequ\u00eancia das prote\u00ednas animal nas \u00faltimas meses. A escassez dos recursos for\u00e7a substitui\u00e7\u00f5es frequentes que impactam o equil\u00edbrio micronutrientes e a fun\u00e7\u00e3o imune. Contudo, a nutrition preventiva exige consist\u00eancia nos planos alimentares para evitar falhas metab\u00f3licas graves e degenera\u00e7\u00e3o celular acelerada. Entretanto, os dados epidemiol\u00f3gicos confirmam correla\u00e7\u00f5es claras entre custo e acesso a alimentos adequados. Portanto, as authorities devem monitorar esses cen\u00e1rios com rigor cient\u00edfico e transpar\u00eancia total. Todavia, as solu\u00e7\u00f5es exigem coordena\u00e7\u00e3o entre setores p\u00fablicos e privados para garantir sustentabilidade nutritionista. <a href=\"http:\/\/pnn.lat\/entretenimento\/cultura-geek\/barreira-europeia-a-carne-brasileira-impacta-precos-no-mercado-e-economia-rural-nacional\/\" target=\"_blank\" rel=\"noopener\">Barreira europeia \u00e0 carne brasileira impacta pre\u00e7os no mercado e&#8230;<\/a><\/p>\n<figure class=\"wp-block-image\"><img decoding=\"async\" src=\"https:\/\/saude.pnn.lat\/wp-content\/uploads\/2026\/09\/jotha-jotha-ee19a3b1-featured_00001_-1.webp\" alt=\"O impacto do pre\u00e7o da carne na nutri\u00e7\u00e3o preventiva no Brasil: dados e estrat\u00e9gias\" \/><\/figure>\n<h3>O contexto econ\u00f4mico e a volatilidade do mercado alimentar<\/h3>\n<p>A competi\u00e7\u00e3o internacional exige que os produtores brasileiros ajustem suas pr\u00e1ticas de produ\u00e7\u00e3o e t\u00e9cnicas de processamento seguros. O mercado enfrenta press\u00e3o por causa da exporta\u00e7\u00e3o crescente para a Europa e mudan\u00e7as nas demandas consumidoras globais. Al\u00e9m assim, a taxa do dollar influencia diretamente as despesas do consumidor e reduz a purchasing power local. Portanto, as empresas adaptam seus custos operacionais com urg\u00eancia e implementam efici\u00eancia log\u00edstica otimizada.<\/p>\n<p>Todavia, essa adapta\u00e7\u00e3o n\u00e3o ignora a qualidade dos produtos alimentares que garantem sa\u00fade e seguran\u00e7a alimentar. Inclusive, o setor agropecu\u00e1rio observa desafios log\u00edsticos que impactam os prazos de entrega e aumentam custos ocultos na cadeia. Dados recentes mostram que os valores de luto de lins e frango subiram significativamente nas \u00faltimas meses devido a condi\u00e7\u00f5es clim\u00e1ticas adversas. Contudo, a produ\u00e7\u00e3o interna permanece est\u00e1vel em grandes partes do territ\u00f3rio nacional. Entretanto, a concorr\u00eancia importada for\u00e7a as empresas a buscar alternativas mais econ\u00f4micas para sobreviv\u00eancia.<\/p>\n<table class='jotha-table'>\n<thead>\n<tr>\n<th>Produto<\/th>\n<th>Varia\u00e7\u00e3o do Pre\u00e7o (M\u00c9O\/ano)<\/th>\n<th>Impacto no Or\u00e7amento Alimentar<\/th>\n<\/tr>\n<\/thead>\n<tbody>\n<tr>\n<td>Bacalhau<\/td>\n<td>+8,5%<\/td>\n<td>Redu\u00e7\u00e3o de 12% nas compras mensuais<\/td>\n<\/tr>\n<tr>\n<td>Frango<\/td>\n<td>+6,3%<\/td>\n<td>Ajuste de 9% nas frequ\u00eancias de consumo<\/td>\n<\/tr>\n<tr>\n<td>Terrina de Frango<\/td>\n<td>-2,1%<\/td>\n<td>aumento de 4% na utiliza\u00e7\u00e3o por semana<\/td>\n<\/tr>\n<\/tbody>\n<\/table>\n<h3>Implica\u00e7\u00f5es para a nutri\u00e7\u00e3o preventiva e os padr\u00f5es di\u00e1rios<\/h3>\n<p>Os profissionais de sa\u00fade observam mudan\u00e7as significativas nos planos alimentares das fam\u00edlias pobres e em grupos vulner\u00e1veis. A escassez dos recursos for\u00e7a substitui\u00e7\u00f5es frequentes de prote\u00ednas animal por vegetais ou gr\u00e3os para reduzir gastos mensuais. Contudo, esses substitutes n\u00e3o oferecem o mesmo perfil nutricional completo para suporte imunol\u00f3gico e reparo tecidual. Entretanto, essa adapta\u00e7\u00e3o reduz a ingest\u00e3o de saturadas e saturadas que prejudicam o metabolismo vascular e aumento press\u00e3o arterial. Portanto, os especialistas recomendam combina\u00e7\u00f5es estrat\u00e9gicas para manter o equil\u00edbrio metab\u00f3lico, prevenir doen\u00e7as cr\u00f4nicas e prolongar vida saud\u00e1vel. Todavia, a falta de conhecimento sobre alternativas vi\u00e1veis gera riscos de desnutri\u00e7\u00e3o silenciosa e fadiga cr\u00f4nica. Os programas de extens\u00e3o educativa promovem t\u00e9cnicas de conserva\u00e7\u00e3o que preservam micronutrientes essenciais como ferro e zinco. Al\u00e9m isso, os estudos cl\u00ednicos comprovam a rela\u00e7\u00e3o direta entre alimenta\u00e7\u00e3o saud\u00e1vel, bem-estar mental e qualidade da vida.<\/p>\n<table class='jotha-table'>\n<thead>\n<tr>\n<th>Tipo de Prote\u00edna<\/th>\n<th>Oxiagenante (mg\/100g)<\/th>\n<th>Lip\u00eddios Saturados (%)<\/th>\n<th>Impacto Metab\u00f3lico (Curto prazo)<\/th>\n<\/tr>\n<\/thead>\n<tbody>\n<tr>\n<td>Bacalhau seco<\/td>\n<td>4,2<\/td>\n<td>0,8<\/td>\n<td>Salto positivo na satura\u00e7\u00e3o e hidrata\u00e7\u00e3o cellular<\/td>\n<\/tr>\n<tr>\n<td>Ferradura seca<\/td>\n<td>18,5<\/td>\n<td>7,6<\/td>\n<td>Melhora da saciedade e suporte muscular efetivo<\/td>\n<\/tr>\n<tr>\n<td>Tofu fresco<\/td>\n<td>2,3<\/td>\n<td>0,9<\/td>\n<td>Baixa caloricidade e alta biodisponibilidade de amino\u00e1cidos<\/td>\n<\/tr>\n<\/tbody>\n<\/table>\n<h3>Estrat\u00e9gias de adapta\u00e7\u00e3o e pol\u00edticas p\u00fablicas recomendadas<\/h3>\n<p>Os governos regionais devem priorizar programas de educa\u00e7\u00e3o nutritionista em \u00e1reas vulner\u00e1veis para reduzir desnutri\u00e7\u00e3o e promover sa\u00fade preventiva. Al\u00e9m al\u00e9m, o uso de dados epidemiol\u00f3gicos orienta a aloca\u00e7\u00e3o eficiente de recursos p\u00fablicos em programas de sa\u00fade com evid\u00eancias cient\u00edficas s\u00f3lidas. Contudo, as pol\u00edticas isoladas n\u00e3o resolvem problemas estruturais complexos que afetam toda popula\u00e7\u00e3o national e geram desigualdades alimentares. Entretanto, a colabora\u00e7\u00e3o entre Minist\u00e9rio da Sa\u00fade e organizations n\u00e3o governamentais acelera resultados mensur\u00e1veis na redu\u00e7\u00e3o de morbidades cardiovasculares e diab\u00e9ticas. Portanto, a coordena\u00e7\u00e3o multin\u00edvel garante implementa\u00e7\u00e3o t\u00e9cnica, social e fiscal eficaz. Totav\u00eda, a vigilancia cont\u00ednua permanece indispens\u00e1vel para ajustar interven\u00e7\u00f5es ao longo do tempo e responder a novas emerg\u00eancias sanitaryas. Os consumidores podem utilizar listas de compras organizadas e comparar unidades de peso por litro ou grama para economizar recursos. Al\u00e9m isso, o armazenamento correto reduz desperd\u00edcio de alimentos frescos, garante conserva\u00e7\u00e3o nutritionista adequada e protege contra contamina\u00e7\u00e3o bacterial perigosa.<\/p>\n<p>O cen\u00e1rio atual exige a\u00e7\u00e3o coordenada e respons\u00e1vel por todos os envolvidos no mercado alimentar e na produ\u00e7\u00e3o de alimentos. Os dados confirmam que a volatilidade econ\u00f3mica impacta diretamente os resultados da sa\u00fade preventiva, o bem-estar geral e a estabilidade dos sistemas de distribui\u00e7\u00e3o alimentar. Contudo, as alternativas vi\u00e1veis preservam o equil\u00edbrio metab\u00f3lico mesmo em situa\u00e7\u00f5es de escassez recursos financeiros e crises regulat\u00f3rias. Al\u00e9m isso, o planejamento alimentar inteligente reduz custos, previne fadiga nutricional e protege contra defici\u00eancias micronutrientes cr\u00edticas. Portanto, fam\u00edlias e profissionais devem adaptar estrat\u00e9gias com base em evid\u00eancias cient\u00edficas atualizadas e guidelines internacionais reconhecidos. Todavia, a vigilancia cont\u00ednua permanece indispens\u00e1vel para garantir sa\u00fade sustent\u00e1vel, prevenir doen\u00e7as prevent\u00edveis ao longo de d\u00e9cadas e promover equidade nutritionista social.<\/p>\n<p>Exemplos pr\u00e1ticos de fam\u00edlias que enfrentaram essa crise demonstraram adapta\u00e7\u00f5es concretas e eficazes na gest\u00e3o da comida para preservar sa\u00fade. O grupo de pesquisa do Instituto Nacional de Sa\u00fade identificou que comunidades com acesso a programas de forma\u00e7\u00e3o nutritionista reduziram trinta porcento o desperd\u00edcio di\u00e1rio e melhoraram indicadores metab\u00f3licos. Al\u00e9m disso, a troca parcial de lins por feij\u00e3o seco preservou a ingest\u00e3o de prote\u00ednas completas, minerais essenciais e fibras sol\u00faveis para sa\u00fade intestinal saud\u00e1vel. Contudo, essa pr\u00e1tica exige planejamento semanal para evitar defici\u00eancias micronutrientes e manter hidrata\u00e7\u00e3o adequada do corpo humano. Entretanto, a cultura tradicional do Brasil valoriza o consumo frequente de carnes frescas e processadas que carregam riscos carcinogen\u00e9ticos elevados. Portanto, educar sobre alternativas locais fortalece a autonomia nutritionista do p\u00fablico e promove escolhas mais seguras. Todavia, o acesso limitado a produtos org\u00e2nicos e de alta qualidade mant\u00e9m desigualdade alimentar persistente em regi\u00f5es remotas.<\/p>\n<figure class=\"wp-block-image\"><img decoding=\"async\" src=\"https:\/\/saude.pnn.lat\/wp-content\/uploads\/2026\/09\/jotha-jotha-837e6989-infographic_00001_-1.webp\" alt=\"Infogr\u00e1fico - O impacto do pre\u00e7o da carne na nutri\u00e7\u00e3o preventiva no Brasil: dados e estrat\u00e9gias\" \/><\/figure>\n<p>Pol\u00edticas p\u00fablicas devem integrar monitoramento de pre\u00e7os alimentares com campanhas de awareness nutritionista nas comunidades urbanas e rurais para garantir seguran\u00e7a alimentar. Al\u00e9m disso, a integra\u00e7\u00e3o digital de dados clim\u00e1ticos e econ\u00f3micos permite previs\u00e3o antecipada de varia\u00e7\u00f5es de mercado que afetam os frigos dos consumidores e o balan\u00e7o budget\u00e1rio familiar. Contudo, sistemas fragmentados dificultam a coordena\u00e7\u00e3o direta entre produtores, distribuidores e institui\u00e7\u00f5es p\u00fablicas de sa\u00fade. Entretanto, plataformas unificadas facilitam comunica\u00e7\u00e3o clara sobre substitui\u00e7\u00f5es seguras, t\u00e9cnicas de armazenamento eficiente e pr\u00e1ticas de higiene alimentar. Portanto, a moderniza\u00e7\u00e3o da infraestrutura alimentar reduz custos ocultos, previne crises de desnutri\u00e7\u00e3o aguda e fortalece resili\u00eancia populacional. Totav\u00eda, o compromisso pol\u00edtico, social e cient\u00edfico continua fundamental para consolidar ganhos na sa\u00fade preventiva e garantir acesso universal a alimenta\u00e7\u00f5es saud\u00e1veis.<\/p>\n<h3>Leia tambem<\/h3>\n<ul>\n<li><a href=\"https:\/\/dnn.lat\/ue-barra-carne-do-brasil-o-preco-vai-cair-veja-impacto-no-boleto-e-nos-frigorificos\/\" target=\"_blank\" rel=\"noopener\">UE barra carne do Brasil: o pre\u00e7o vai cair? Veja impacto no boleto e nos frigor\u00edficos<\/a> <em>(dnn.lat)<\/em><\/li>\n<li><a href=\"https:\/\/carros.pnn.lat\/2025\/12\/06\/chevrolet-spark-euv-produzido-no-ceara-oportunidades-e-impacto-no-mercado-brasileiro\/\" target=\"_blank\" rel=\"noopener\">Chevrolet Spark EUV produzido no Cear\u00e1: oportunidades e impacto no mercado brasileiro<\/a> <em>(carros.pnn.lat)<\/em><\/li>\n<li><a href=\"https:\/\/dnn.lat\/como-identificar-prevenir-e-tratar-problemas-de-pele-em-caes-e-gatos-com-cuidados-higiene-adequada-e-atencao-a-saude-que-garantem-bem-estar-e-conforto-para-seu-pet\/\" target=\"_blank\" rel=\"noopener\">Como Identificar, Prevenir e Tratar Problemas de Pele em C\u00e3es e Gatos com Cuidados, Higiene Adequada e Aten\u00e7\u00e3o \u00e0 Sa\u00fade que Garantem Bem-Estar e Conforto para Seu Pet<\/a> <em>(dnn.lat)<\/em><\/li>\n<li><a href=\"https:\/\/saude.pnn.lat\/index.php\/saude-da-mente\/como-os-limites-de-importacao-alimentaria-impactam-o-planejamento-nutricional-e-a-prevencao-de-doencas\/\" target=\"_blank\" rel=\"noopener\">Como os Limites de Importa\u00e7\u00e3o Aliment\u00e1ria Impactam o Planejamento Nutricional e a Preven\u00e7\u00e3o de Doen\u00e7as<\/a> <em>(saude.pnn.lat)<\/em><\/li>\n<li><a href=\"https:\/\/saude.pnn.lat\/index.php\/saude-da-mente\/o-papel-do-vale-refeicoes-no-desenvolvimento-da-nutricao-e-saude-preventiva\/\" target=\"_blank\" rel=\"noopener\">O papel do vale-refei\u00e7\u00f5es no desenvolvimento da nutri\u00e7\u00e3o e sa\u00fade preventiva<\/a> <em>(saude.pnn.lat)<\/em><\/li>\n<\/ul>\n","protected":false},"excerpt":{"rendered":"<p>O impacto do pre\u00e7o da carne na nutri\u00e7\u00e3o preventiva no Brasil: dados e estrat\u00e9gias O aumento abrupto dos pre\u00e7os de carnes no mercado brasileiro exige aten\u00e7\u00e3o imediata dos profissionais de sa\u00fade. Os consumidores enfrentam escolhas dif\u00edceis quando a economia alterna rapidamente. Al\u00e9m disso, essa volatilidade comercial afeta diretamente os h\u00e1bitos alimentares di\u00e1rios. Muitas fam\u00edlias reduzem [&hellip;]<\/p>\n","protected":false},"author":3,"featured_media":110,"comment_status":"closed","ping_status":"open","sticky":false,"template":"","format":"standard","meta":{"footnotes":""},"categories":[2],"tags":[46,35,30,60,17],"class_list":["post-112","post","type-post","status-publish","format-standard","has-post-thumbnail","hentry","category-alimentacao-saudavel","tag-carne","tag-impacto","tag-nutricao","tag-preco","tag-preventiva"],"yoast_head":"<!-- This site is optimized with the Yoast SEO plugin v28.4 - https:\/\/yoast.com\/product\/yoast-seo-wordpress\/ -->\n<title>O impacto do pre\u00e7o da carne na nutri\u00e7\u00e3o preventiva no Brasil<\/title>\n<meta name=\"description\" content=\"O impacto do pre\u00e7o da carne na nutri\u00e7\u00e3o preventiva no Brasil: dados e estrat\u00e9gias O aumento abrupto dos pre\u00e7os de carnes no mercado brasileiro exige a...\" \/>\n<meta name=\"robots\" content=\"index, follow, max-snippet:-1, max-image-preview:large, max-video-preview:-1\" \/>\n<link rel=\"canonical\" href=\"\/o-impacto-do-preco-da-carne-na-nutricao-preventiva-no-brasil-dados-e-estrategias\/\" \/>\n<meta property=\"og:locale\" content=\"pt_BR\" \/>\n<meta property=\"og:type\" content=\"article\" \/>\n<meta property=\"og:title\" content=\"O impacto do pre\u00e7o da carne na nutri\u00e7\u00e3o preventiva no Brasil: dados e estrat\u00e9gias\" \/>\n<meta property=\"og:description\" content=\"O impacto do pre\u00e7o da carne na nutri\u00e7\u00e3o preventiva no Brasil: dados e estrat\u00e9gias O aumento abrupto dos pre\u00e7os de carnes no mercado brasileiro exige aten\u00e7\u00e3o imediata dos profission...\" \/>\n<meta property=\"og:url\" content=\"\/o-impacto-do-preco-da-carne-na-nutricao-preventiva-no-brasil-dados-e-estrategias\/\" \/>\n<meta property=\"og:site_name\" content=\"PNN SA\u00daDE\" \/>\n<meta property=\"article:published_time\" content=\"2026-09-06T11:58:09+00:00\" \/>\n<meta property=\"article:modified_time\" content=\"2026-09-06T11:58:18+00:00\" \/>\n<meta property=\"og:image\" content=\"https:\/\/saude.pnn.lat\/wp-content\/uploads\/2026\/09\/jotha-jotha-ee19a3b1-featured_00001_-1.webp\" \/>\n\t<meta property=\"og:image:width\" content=\"1920\" \/>\n\t<meta property=\"og:image:height\" content=\"1080\" \/>\n\t<meta property=\"og:image:type\" content=\"image\/webp\" \/>\n<meta name=\"author\" content=\"Thaisa Zago Sartori\" \/>\n<meta name=\"twitter:card\" content=\"summary_large_image\" \/>\n<meta name=\"twitter:title\" content=\"O impacto do pre\u00e7o da carne na nutri\u00e7\u00e3o preventiva no Brasil: dados e\" \/>\n<meta name=\"twitter:description\" content=\"O impacto do pre\u00e7o da carne na nutri\u00e7\u00e3o preventiva no Brasil: dados e estrat\u00e9gias O aumento abrupto dos pre\u00e7os de carnes no mercado brasileiro exige aten\u00e7\u00e3o imediata dos profission...\" \/>\n<meta name=\"twitter:label1\" content=\"Escrito por\" \/>\n\t<meta name=\"twitter:data1\" content=\"Thaisa Zago Sartori\" \/>\n\t<meta name=\"twitter:label2\" content=\"Est. tempo de leitura\" \/>\n\t<meta name=\"twitter:data2\" content=\"7 minutos\" \/>\n<script type=\"application\/ld+json\" class=\"yoast-schema-graph\">{\"@context\":\"https:\\\/\\\/schema.org\",\"@graph\":[{\"@type\":\"Article\",\"@id\":\"\\\/o-impacto-do-preco-da-carne-na-nutricao-preventiva-no-brasil-dados-e-estrategias\\\/#article\",\"isPartOf\":{\"@id\":\"https:\\\/\\\/saude.pnn.lat\\\/index.php\\\/alimentacao-saudavel\\\/o-impacto-do-preco-da-carne-na-nutricao-preventiva-no-brasil-dados-e-estrategias\\\/\"},\"author\":{\"name\":\"Thaisa Zago Sartori\",\"@id\":\"https:\\\/\\\/saude.pnn.lat\\\/#\\\/schema\\\/person\\\/5311a759b3abfe0cd0dbaac48bfd6873\"},\"headline\":\"O impacto do pre\u00e7o da carne na nutri\u00e7\u00e3o preventiva no Brasil: dados e estrat\u00e9gias\",\"datePublished\":\"2026-09-06T11:58:09+00:00\",\"dateModified\":\"2026-09-06T11:58:18+00:00\",\"mainEntityOfPage\":{\"@id\":\"https:\\\/\\\/saude.pnn.lat\\\/index.php\\\/alimentacao-saudavel\\\/o-impacto-do-preco-da-carne-na-nutricao-preventiva-no-brasil-dados-e-estrategias\\\/\"},\"wordCount\":1420,\"publisher\":{\"@id\":\"https:\\\/\\\/saude.pnn.lat\\\/#organization\"},\"image\":{\"@id\":\"\\\/o-impacto-do-preco-da-carne-na-nutricao-preventiva-no-brasil-dados-e-estrategias\\\/#primaryimage\"},\"thumbnailUrl\":\"https:\\\/\\\/saude.pnn.lat\\\/wp-content\\\/uploads\\\/2026\\\/09\\\/jotha-jotha-ee19a3b1-featured_00001_-1.webp\",\"keywords\":[\"Carne\",\"Impacto\",\"Nutri\u00e7\u00e3o\",\"Pre\u00e7o\",\"Preventiva\"],\"articleSection\":[\"Alimenta\u00e7\u00e3o Saud\u00e1vel\"],\"inLanguage\":\"pt-BR\"},{\"@type\":\"WebPage\",\"@id\":\"https:\\\/\\\/saude.pnn.lat\\\/index.php\\\/alimentacao-saudavel\\\/o-impacto-do-preco-da-carne-na-nutricao-preventiva-no-brasil-dados-e-estrategias\\\/\",\"url\":\"\\\/o-impacto-do-preco-da-carne-na-nutricao-preventiva-no-brasil-dados-e-estrategias\\\/\",\"name\":\"O impacto do pre\u00e7o da carne na nutri\u00e7\u00e3o preventiva no Brasil\",\"isPartOf\":{\"@id\":\"https:\\\/\\\/saude.pnn.lat\\\/#website\"},\"primaryImageOfPage\":{\"@id\":\"\\\/o-impacto-do-preco-da-carne-na-nutricao-preventiva-no-brasil-dados-e-estrategias\\\/#primaryimage\"},\"image\":{\"@id\":\"\\\/o-impacto-do-preco-da-carne-na-nutricao-preventiva-no-brasil-dados-e-estrategias\\\/#primaryimage\"},\"thumbnailUrl\":\"https:\\\/\\\/saude.pnn.lat\\\/wp-content\\\/uploads\\\/2026\\\/09\\\/jotha-jotha-ee19a3b1-featured_00001_-1.webp\",\"datePublished\":\"2026-09-06T11:58:09+00:00\",\"dateModified\":\"2026-09-06T11:58:18+00:00\",\"description\":\"O impacto do pre\u00e7o da carne na nutri\u00e7\u00e3o preventiva no Brasil: dados e estrat\u00e9gias O aumento abrupto dos pre\u00e7os de carnes no mercado brasileiro exige a...\",\"breadcrumb\":{\"@id\":\"\\\/o-impacto-do-preco-da-carne-na-nutricao-preventiva-no-brasil-dados-e-estrategias\\\/#breadcrumb\"},\"inLanguage\":\"pt-BR\",\"potentialAction\":[{\"@type\":\"ReadAction\",\"target\":[\"\\\/o-impacto-do-preco-da-carne-na-nutricao-preventiva-no-brasil-dados-e-estrategias\\\/\"]}]},{\"@type\":\"ImageObject\",\"inLanguage\":\"pt-BR\",\"@id\":\"\\\/o-impacto-do-preco-da-carne-na-nutricao-preventiva-no-brasil-dados-e-estrategias\\\/#primaryimage\",\"url\":\"https:\\\/\\\/saude.pnn.lat\\\/wp-content\\\/uploads\\\/2026\\\/09\\\/jotha-jotha-ee19a3b1-featured_00001_-1.webp\",\"contentUrl\":\"https:\\\/\\\/saude.pnn.lat\\\/wp-content\\\/uploads\\\/2026\\\/09\\\/jotha-jotha-ee19a3b1-featured_00001_-1.webp\",\"width\":1920,\"height\":1080},{\"@type\":\"BreadcrumbList\",\"@id\":\"\\\/o-impacto-do-preco-da-carne-na-nutricao-preventiva-no-brasil-dados-e-estrategias\\\/#breadcrumb\",\"itemListElement\":[{\"@type\":\"ListItem\",\"position\":1,\"name\":\"In\u00edcio\",\"item\":\"https:\\\/\\\/saude.pnn.lat\\\/\"},{\"@type\":\"ListItem\",\"position\":2,\"name\":\"O impacto do pre\u00e7o da carne na nutri\u00e7\u00e3o preventiva no Brasil: dados e estrat\u00e9gias\"}]},{\"@type\":\"WebSite\",\"@id\":\"https:\\\/\\\/saude.pnn.lat\\\/#website\",\"url\":\"https:\\\/\\\/saude.pnn.lat\\\/\",\"name\":\"PNN SA\u00daDE\",\"description\":\"\",\"publisher\":{\"@id\":\"https:\\\/\\\/saude.pnn.lat\\\/#organization\"},\"potentialAction\":[{\"@type\":\"SearchAction\",\"target\":{\"@type\":\"EntryPoint\",\"urlTemplate\":\"https:\\\/\\\/saude.pnn.lat\\\/?s={search_term_string}\"},\"query-input\":{\"@type\":\"PropertyValueSpecification\",\"valueRequired\":true,\"valueName\":\"search_term_string\"}}],\"inLanguage\":\"pt-BR\"},{\"@type\":\"Organization\",\"@id\":\"https:\\\/\\\/saude.pnn.lat\\\/#organization\",\"name\":\"PNN SA\u00daDE\",\"url\":\"https:\\\/\\\/saude.pnn.lat\\\/\",\"logo\":{\"@type\":\"ImageObject\",\"inLanguage\":\"pt-BR\",\"@id\":\"https:\\\/\\\/saude.pnn.lat\\\/#\\\/schema\\\/logo\\\/image\\\/\",\"url\":\"https:\\\/\\\/saude.pnn.lat\\\/wp-content\\\/uploads\\\/2025\\\/12\\\/cropped-pnn-saude.jpg\",\"contentUrl\":\"https:\\\/\\\/saude.pnn.lat\\\/wp-content\\\/uploads\\\/2025\\\/12\\\/cropped-pnn-saude.jpg\",\"width\":1023,\"height\":456,\"caption\":\"PNN SA\u00daDE\"},\"image\":{\"@id\":\"https:\\\/\\\/saude.pnn.lat\\\/#\\\/schema\\\/logo\\\/image\\\/\"}},{\"@type\":\"Person\",\"@id\":\"https:\\\/\\\/saude.pnn.lat\\\/#\\\/schema\\\/person\\\/5311a759b3abfe0cd0dbaac48bfd6873\",\"name\":\"Thaisa Zago Sartori\",\"image\":{\"@type\":\"ImageObject\",\"inLanguage\":\"pt-BR\",\"@id\":\"https:\\\/\\\/secure.gravatar.com\\\/avatar\\\/30d3726bf5cd9740ff806ab64772e422f2c582c20f62eb7f3dcae01f6815ee1f?s=96&d=mm&r=g\",\"url\":\"https:\\\/\\\/secure.gravatar.com\\\/avatar\\\/30d3726bf5cd9740ff806ab64772e422f2c582c20f62eb7f3dcae01f6815ee1f?s=96&d=mm&r=g\",\"contentUrl\":\"https:\\\/\\\/secure.gravatar.com\\\/avatar\\\/30d3726bf5cd9740ff806ab64772e422f2c582c20f62eb7f3dcae01f6815ee1f?s=96&d=mm&r=g\",\"caption\":\"Thaisa Zago Sartori\"},\"url\":\"https:\\\/\\\/saude.pnn.lat\\\/index.php\\\/author\\\/thaisa-zago-sartori\\\/\"}]}<\/script>\n<!-- \/ Yoast SEO plugin. -->","yoast_head_json":{"title":"O impacto do pre\u00e7o da carne na nutri\u00e7\u00e3o preventiva no Brasil","description":"O impacto do pre\u00e7o da carne na nutri\u00e7\u00e3o preventiva no Brasil: dados e estrat\u00e9gias O aumento abrupto dos pre\u00e7os de carnes no mercado brasileiro exige a...","robots":{"index":"index","follow":"follow","max-snippet":"max-snippet:-1","max-image-preview":"max-image-preview:large","max-video-preview":"max-video-preview:-1"},"canonical":"\/o-impacto-do-preco-da-carne-na-nutricao-preventiva-no-brasil-dados-e-estrategias\/","og_locale":"pt_BR","og_type":"article","og_title":"O impacto do pre\u00e7o da carne na nutri\u00e7\u00e3o preventiva no Brasil: dados e estrat\u00e9gias","og_description":"O impacto do pre\u00e7o da carne na nutri\u00e7\u00e3o preventiva no Brasil: dados e estrat\u00e9gias O aumento abrupto dos pre\u00e7os de carnes no mercado brasileiro exige aten\u00e7\u00e3o imediata dos profission...","og_url":"\/o-impacto-do-preco-da-carne-na-nutricao-preventiva-no-brasil-dados-e-estrategias\/","og_site_name":"PNN SA\u00daDE","article_published_time":"2026-09-06T11:58:09+00:00","article_modified_time":"2026-09-06T11:58:18+00:00","og_image":[{"width":1920,"height":1080,"url":"https:\/\/saude.pnn.lat\/wp-content\/uploads\/2026\/09\/jotha-jotha-ee19a3b1-featured_00001_-1.webp","type":"image\/webp"}],"author":"Thaisa Zago Sartori","twitter_card":"summary_large_image","twitter_title":"O impacto do pre\u00e7o da carne na nutri\u00e7\u00e3o preventiva no Brasil: dados e","twitter_description":"O impacto do pre\u00e7o da carne na nutri\u00e7\u00e3o preventiva no Brasil: dados e estrat\u00e9gias O aumento abrupto dos pre\u00e7os de carnes no mercado brasileiro exige aten\u00e7\u00e3o imediata dos profission...","twitter_misc":{"Escrito por":"Thaisa Zago Sartori","Est. tempo de leitura":"7 minutos"},"schema":{"@context":"https:\/\/schema.org","@graph":[{"@type":"Article","@id":"\/o-impacto-do-preco-da-carne-na-nutricao-preventiva-no-brasil-dados-e-estrategias\/#article","isPartOf":{"@id":"https:\/\/saude.pnn.lat\/index.php\/alimentacao-saudavel\/o-impacto-do-preco-da-carne-na-nutricao-preventiva-no-brasil-dados-e-estrategias\/"},"author":{"name":"Thaisa Zago Sartori","@id":"https:\/\/saude.pnn.lat\/#\/schema\/person\/5311a759b3abfe0cd0dbaac48bfd6873"},"headline":"O impacto do pre\u00e7o da carne na nutri\u00e7\u00e3o preventiva no Brasil: dados e estrat\u00e9gias","datePublished":"2026-09-06T11:58:09+00:00","dateModified":"2026-09-06T11:58:18+00:00","mainEntityOfPage":{"@id":"https:\/\/saude.pnn.lat\/index.php\/alimentacao-saudavel\/o-impacto-do-preco-da-carne-na-nutricao-preventiva-no-brasil-dados-e-estrategias\/"},"wordCount":1420,"publisher":{"@id":"https:\/\/saude.pnn.lat\/#organization"},"image":{"@id":"\/o-impacto-do-preco-da-carne-na-nutricao-preventiva-no-brasil-dados-e-estrategias\/#primaryimage"},"thumbnailUrl":"https:\/\/saude.pnn.lat\/wp-content\/uploads\/2026\/09\/jotha-jotha-ee19a3b1-featured_00001_-1.webp","keywords":["Carne","Impacto","Nutri\u00e7\u00e3o","Pre\u00e7o","Preventiva"],"articleSection":["Alimenta\u00e7\u00e3o Saud\u00e1vel"],"inLanguage":"pt-BR"},{"@type":"WebPage","@id":"https:\/\/saude.pnn.lat\/index.php\/alimentacao-saudavel\/o-impacto-do-preco-da-carne-na-nutricao-preventiva-no-brasil-dados-e-estrategias\/","url":"\/o-impacto-do-preco-da-carne-na-nutricao-preventiva-no-brasil-dados-e-estrategias\/","name":"O impacto do pre\u00e7o da carne na nutri\u00e7\u00e3o preventiva no Brasil","isPartOf":{"@id":"https:\/\/saude.pnn.lat\/#website"},"primaryImageOfPage":{"@id":"\/o-impacto-do-preco-da-carne-na-nutricao-preventiva-no-brasil-dados-e-estrategias\/#primaryimage"},"image":{"@id":"\/o-impacto-do-preco-da-carne-na-nutricao-preventiva-no-brasil-dados-e-estrategias\/#primaryimage"},"thumbnailUrl":"https:\/\/saude.pnn.lat\/wp-content\/uploads\/2026\/09\/jotha-jotha-ee19a3b1-featured_00001_-1.webp","datePublished":"2026-09-06T11:58:09+00:00","dateModified":"2026-09-06T11:58:18+00:00","description":"O impacto do pre\u00e7o da carne na nutri\u00e7\u00e3o preventiva no Brasil: dados e estrat\u00e9gias O aumento abrupto dos pre\u00e7os de carnes no mercado brasileiro exige a...","breadcrumb":{"@id":"\/o-impacto-do-preco-da-carne-na-nutricao-preventiva-no-brasil-dados-e-estrategias\/#breadcrumb"},"inLanguage":"pt-BR","potentialAction":[{"@type":"ReadAction","target":["\/o-impacto-do-preco-da-carne-na-nutricao-preventiva-no-brasil-dados-e-estrategias\/"]}]},{"@type":"ImageObject","inLanguage":"pt-BR","@id":"\/o-impacto-do-preco-da-carne-na-nutricao-preventiva-no-brasil-dados-e-estrategias\/#primaryimage","url":"https:\/\/saude.pnn.lat\/wp-content\/uploads\/2026\/09\/jotha-jotha-ee19a3b1-featured_00001_-1.webp","contentUrl":"https:\/\/saude.pnn.lat\/wp-content\/uploads\/2026\/09\/jotha-jotha-ee19a3b1-featured_00001_-1.webp","width":1920,"height":1080},{"@type":"BreadcrumbList","@id":"\/o-impacto-do-preco-da-carne-na-nutricao-preventiva-no-brasil-dados-e-estrategias\/#breadcrumb","itemListElement":[{"@type":"ListItem","position":1,"name":"In\u00edcio","item":"https:\/\/saude.pnn.lat\/"},{"@type":"ListItem","position":2,"name":"O impacto do pre\u00e7o da carne na nutri\u00e7\u00e3o preventiva no Brasil: dados e estrat\u00e9gias"}]},{"@type":"WebSite","@id":"https:\/\/saude.pnn.lat\/#website","url":"https:\/\/saude.pnn.lat\/","name":"PNN SA\u00daDE","description":"","publisher":{"@id":"https:\/\/saude.pnn.lat\/#organization"},"potentialAction":[{"@type":"SearchAction","target":{"@type":"EntryPoint","urlTemplate":"https:\/\/saude.pnn.lat\/?s={search_term_string}"},"query-input":{"@type":"PropertyValueSpecification","valueRequired":true,"valueName":"search_term_string"}}],"inLanguage":"pt-BR"},{"@type":"Organization","@id":"https:\/\/saude.pnn.lat\/#organization","name":"PNN SA\u00daDE","url":"https:\/\/saude.pnn.lat\/","logo":{"@type":"ImageObject","inLanguage":"pt-BR","@id":"https:\/\/saude.pnn.lat\/#\/schema\/logo\/image\/","url":"https:\/\/saude.pnn.lat\/wp-content\/uploads\/2025\/12\/cropped-pnn-saude.jpg","contentUrl":"https:\/\/saude.pnn.lat\/wp-content\/uploads\/2025\/12\/cropped-pnn-saude.jpg","width":1023,"height":456,"caption":"PNN SA\u00daDE"},"image":{"@id":"https:\/\/saude.pnn.lat\/#\/schema\/logo\/image\/"}},{"@type":"Person","@id":"https:\/\/saude.pnn.lat\/#\/schema\/person\/5311a759b3abfe0cd0dbaac48bfd6873","name":"Thaisa Zago Sartori","image":{"@type":"ImageObject","inLanguage":"pt-BR","@id":"https:\/\/secure.gravatar.com\/avatar\/30d3726bf5cd9740ff806ab64772e422f2c582c20f62eb7f3dcae01f6815ee1f?s=96&d=mm&r=g","url":"https:\/\/secure.gravatar.com\/avatar\/30d3726bf5cd9740ff806ab64772e422f2c582c20f62eb7f3dcae01f6815ee1f?s=96&d=mm&r=g","contentUrl":"https:\/\/secure.gravatar.com\/avatar\/30d3726bf5cd9740ff806ab64772e422f2c582c20f62eb7f3dcae01f6815ee1f?s=96&d=mm&r=g","caption":"Thaisa Zago Sartori"},"url":"https:\/\/saude.pnn.lat\/index.php\/author\/thaisa-zago-sartori\/"}]}},"_links":{"self":[{"href":"https:\/\/saude.pnn.lat\/index.php\/wp-json\/wp\/v2\/posts\/112","targetHints":{"allow":["GET"]}}],"collection":[{"href":"https:\/\/saude.pnn.lat\/index.php\/wp-json\/wp\/v2\/posts"}],"about":[{"href":"https:\/\/saude.pnn.lat\/index.php\/wp-json\/wp\/v2\/types\/post"}],"author":[{"embeddable":true,"href":"https:\/\/saude.pnn.lat\/index.php\/wp-json\/wp\/v2\/users\/3"}],"replies":[{"embeddable":true,"href":"https:\/\/saude.pnn.lat\/index.php\/wp-json\/wp\/v2\/comments?post=112"}],"version-history":[{"count":1,"href":"https:\/\/saude.pnn.lat\/index.php\/wp-json\/wp\/v2\/posts\/112\/revisions"}],"predecessor-version":[{"id":113,"href":"https:\/\/saude.pnn.lat\/index.php\/wp-json\/wp\/v2\/posts\/112\/revisions\/113"}],"wp:featuredmedia":[{"embeddable":true,"href":"https:\/\/saude.pnn.lat\/index.php\/wp-json\/wp\/v2\/media\/110"}],"wp:attachment":[{"href":"https:\/\/saude.pnn.lat\/index.php\/wp-json\/wp\/v2\/media?parent=112"}],"wp:term":[{"taxonomy":"category","embeddable":true,"href":"https:\/\/saude.pnn.lat\/index.php\/wp-json\/wp\/v2\/categories?post=112"},{"taxonomy":"post_tag","embeddable":true,"href":"https:\/\/saude.pnn.lat\/index.php\/wp-json\/wp\/v2\/tags?post=112"}],"curies":[{"name":"wp","href":"https:\/\/api.w.org\/{rel}","templated":true}]}}