{"id":104,"date":"2026-09-06T07:22:15","date_gmt":"2026-09-06T10:22:15","guid":{"rendered":"https:\/\/saude.pnn.lat\/?p=104"},"modified":"2026-09-06T07:22:25","modified_gmt":"2026-09-06T10:22:25","slug":"o-papel-do-vale-refeicoes-no-desenvolvimento-da-nutricao-e-saude-preventiva","status":"publish","type":"post","link":"https:\/\/saude.pnn.lat\/index.php\/saude-da-mente\/o-papel-do-vale-refeicoes-no-desenvolvimento-da-nutricao-e-saude-preventiva\/","title":{"rendered":"O papel do vale-refei\u00e7\u00f5es no desenvolvimento da nutri\u00e7\u00e3o e sa\u00fade preventiva"},"content":{"rendered":"<h2>O papel do vale-refei\u00e7\u00f5es no desenvolvimento da nutri\u00e7\u00e3o e sa\u00fade preventiva<\/h2>\n<p>O sistema de ajuda alimentar enfrenta novas altera\u00e7\u00f5es recentemente. Contudo, os especialistas analisam os efeitos imediatos na sa\u00fade populacional. Al\u00e9m disso, as pesquisas demonstram que o acesso \u00e0 prote\u00edna adequada reduz riscos metab\u00f3licos. Portanto, pol\u00edticas p\u00fablicas devem priorizar nutrientes essenciais. Todavia, o or\u00e7amento limitado imp\u00f5e restri\u00e7\u00f5es claras. Inclusive, programas semelhantes em pa\u00edses europeus mostram resultados promissores. Em contrapartida, a realidade brasileira exige adapta\u00e7\u00f5es espec\u00edficas. Ainda assim, a manuten\u00e7\u00e3o de h\u00e1bitos saud\u00e1veis permanece como primeira prioridade. <a href=\"https:\/\/dnn.lat\/a-alimentacao-ideal-para-cada-fase-da-vida-de-caes-e-gatos-como-garantir-saude-energia-e-bem-estar-com-nutricao-personalizada-e-carinho-em-cada-refeicao\/\" target=\"_blank\" rel=\"noopener\">A Alimenta\u00e7\u00e3o Ideal para Cada Fase da Vida de C\u00e3es e Gatos: Como&#8230;<\/a><\/p>\n<figure class=\"wp-block-image\"><img decoding=\"async\" src=\"https:\/\/saude.pnn.lat\/wp-content\/uploads\/2026\/09\/jotha-jotha-620fe043-featured_00001_-1.webp\" alt=\"O papel do vale-refei\u00e7\u00f5es no desenvolvimento da nutri\u00e7\u00e3o e sa\u00fade preventiva\" \/><\/figure>\n<h3>Dados atuais sobre o sistema de subs\u00eddios alimentares<\/h3>\n<p>O ministro do Desenvolvimento Agr\u00e1rio apresentou atualiza\u00e7\u00f5es recentes sobre o setor. Entretanto, a competi\u00e7\u00e3o entre empresas privado e p\u00fablicas complica as entregas. Por outro lado, os consumidores enfrentam dificuldades para acessar produtos frescos. No entanto, a regula\u00e7\u00e3o federal busca equilibrar custos e qualidade. Ou seja, a transpar\u00eancia nas vendas garante confian\u00e7a no sistema. Por exemplo, as cadeias de entrega modernas melhoram a disponibilidade de alimentos. Dessa forma, as fam\u00edlias podem consumir fontes nutritivas com frequ\u00eancia maior.<\/p>\n<table class='jotha-table'>\n<tr>\n<th>M\u00e9trica nutrition<\/th>\n<th>Impacto na Sa\u00fade Preventiva<\/th>\n<\/tr>\n<tr>\n<td>Acesso a prote\u00ednas ricas em ferro<\/td>\n<td>Redu\u00e7\u00e3o significativa de anemia infantil e fadiga cr\u00f4nica<\/td>\n<\/tr>\n<tr>\n<td>Disponibilidade de frutas frescas em bols\u00f5es rurais<\/td>\n<td>Aumento da absor\u00e7\u00e3o de ant\u00f3xitidos e controle diab\u00e9tico<\/td>\n<\/tr>\n<tr>\n<td>Programas de education alimentar comunit\u00e1ria<\/td>\n<td>Favorecimento de escolhas alimentares consciente a longo prazo<\/td>\n<\/tr>\n<\/table>\n<h3>Comparativa internacional e impacto na preven\u00e7\u00e3o nutrition<\/h3>\n<p>O modelo brasileiro evolui para atender demandas crescentes da popula\u00e7\u00e3o. Contudo, os sistemas europeus j\u00e1 implementam estrat\u00e9gias bem refinadas. Al\u00e9m disso, as ag\u00eancias sanit\u00e1rias analisam padr\u00f5es de consumo globalmente. Portanto, a compara\u00e7\u00e3o revela diferen\u00e7as estruturais importantes. Todavia, o or\u00e7amento fiscal limita o alcance imediato. Inclusive, pa\u00edses latino-americanos adotam pol\u00edticas semelhantes para reduzir desnutri\u00e7\u00e3o. Em contrapartida, a economia local exige solu\u00e7\u00f5es vi\u00e1veis e sustent\u00e1veis. Ainda assim, a colabora\u00e7\u00e3o t\u00e9cnica internacional fortalece as campanhas de sa\u00fade preventiva.<\/p>\n<table class='jotha-table'>\n<tr>\n<th>Pais ou Regi\u00f5es<\/th>\n<th>Estrat\u00e9gias de subs\u00eddio alimentares<\/th>\n<\/tr>\n<tr>\n<td>Brazil (Sistema Nacional)<\/td>\n<td>Vale-refei\u00e7\u00e3o digital com rede de bols\u00f5es e entrega em casa<\/td>\n<\/tr>\n<tr>\n<td>Europa (Uni\u00e3o Europ\u00e9ia)<\/td>\n<td>Subsidios para alimentos frescos e programas educacionais escolares<\/td>\n<\/tr>\n<tr>\n<td>\u00c1frica do Sul (SNAIS)<\/td>\n<td>Distribui\u00e7\u00e3o direta de rations nutritionais para comunidades vulner\u00e1veis<\/td>\n<\/tr>\n<\/table>\n<h3>Estrat\u00e9gias de sa\u00fade preventiva e acessibilidade dos alimentos<\/h3>\n<p>A alimenta\u00e7\u00e3o saud\u00e1vel reduz a carga das doen\u00e7as cr\u00f4nicas. Contudo, o custo dos produtos nutritivos aumenta nas \u00e1reas urbanas. Al\u00e9m disso, as campanhas de education nutrition publicam mensagens claras aos p\u00fablicos-alvo. Portanto, os m\u00e9dicos recomendam planes alimentares equilibrados para toda popula\u00e7\u00e3o. Todavia, a infraestrutura log\u00edstica precisa de investimento constante. Inclusive, startups locais desenvolvem apps que facilitam a escolha de frutas e vegetais frescos. Em contrapartida, as redes de entrega tradicionais oferecem alternativas acess\u00edveis. Ainda assim, o apoio estatal permanece crucial para garantir equidade nutrition.<\/p>\n<h3>Conclus\u00e3o sobre o futuro da pol\u00edtica alimentar<\/h3>\n<figure class=\"wp-block-image\"><img decoding=\"async\" src=\"https:\/\/saude.pnn.lat\/wp-content\/uploads\/2026\/09\/jotha-jotha-03be8e6b-infographic_00001_-1.webp\" alt=\"Infogr\u00e1fico - O papel do vale-refei\u00e7\u00f5es no desenvolvimento da nutri\u00e7\u00e3o e sa\u00fade preventiva\" \/><\/figure>\n<p>O debate atual sobre o vale-refei\u00e7\u00f5es reflete urg\u00eancias reais da sa\u00fade populacional. Contudo, solu\u00e7\u00f5es duradouras requerem vis\u00e3o estrat\u00e9gica a longo prazo. Al\u00e9m disso, dados recentes comprovam que pol\u00edticas bem direcionadas transformam padr\u00f5es alimentares negativos. Portanto, a continuidade de programas nutrition focada em preven\u00e7\u00e3o previne morbidezes graves. Todavia, o or\u00e7amento fiscal deve se manter transparente e eficiente. Inclusive, modelos internacionais comprovam resultados vis\u00edveis quando implementados corretamente. Em contrapartida, a realidade brasileira exige adapta\u00e7\u00e3o constante \u00e0s mudan\u00e7as econ\u00f3micas. Ainda assim, o compromisso com a sa\u00fade preventiva nutrition permanece como objetivo principal do Estado. Al\u00e9m disso, a colabora\u00e7\u00e3o global garante melhores resultados para todas as comunidades vulner\u00e1veis.<\/p>\n<h3>Leia tambem<\/h3>\n<ul>\n<li><a href=\"https:\/\/dnn.lat\/como-ajudar-seu-pet-a-parar-de-chorar-a-noite-com-tecnicas-praticas-rotina-acalmante-e-afeto-que-garantem-descanso-seguranca-e-tranquilidade-para-todos\/\" target=\"_blank\" rel=\"noopener\">Como Ajudar Seu Pet a Parar de Chorar \u00e0 Noite com T\u00e9cnicas Pr\u00e1ticas, Rotina Acalmante e Afeto que Garantem Descanso, Seguran\u00e7a e Tranquilidade para Todos<\/a> <em>(dnn.lat)<\/em><\/li>\n<li><a href=\"https:\/\/dnn.lat\/como-identificar-e-ajudar-seu-cachorro-ou-gato-a-superar-a-ansiedade-de-separacao-com-amor-paciencia-e-estrategias-que-fortalecem-a-confianca-e-a-tranquilidade-do-pet\/\" target=\"_blank\" rel=\"noopener\">Como Identificar e Ajudar seu Cachorro ou Gato a Superar a Ansiedade de Separa\u00e7\u00e3o com Amor, Paci\u00eancia e Estrat\u00e9gias que Fortalecem a Confian\u00e7a e a Tranquilidade do Pet<\/a> <em>(dnn.lat)<\/em><\/li>\n<li><a href=\"http:\/\/pnn.lat\/bem-estar-saude\/pets\/como-ajudar-seu-cao-ou-gato-a-superar-a-ansiedade-de-separacao-com-tecnicas-praticas-carinho-e-rotina-que-transformam-a-ausencia-em-conforto-e-seguranca-para-o-pet\/\" target=\"_blank\" rel=\"noopener\">Como Ajudar seu C\u00e3o ou Gato a Superar a Ansiedade de Separa\u00e7\u00e3o com T\u00e9cnicas Pr\u00e1ticas, Carinho e Rotina que Transformam a Aus\u00eancia em Conforto e Seguran\u00e7a para o Pet<\/a> <em>(pnn.lat)<\/em><\/li>\n<li><a href=\"https:\/\/saude.pnn.lat\/index.php\/saude-da-mente\/nutricao-e-saude-prevente-em-eventos-internacionais-o-kitkat-rockinrio-no-contexto-da-saude-preventiva\/\" target=\"_blank\" rel=\"noopener\">Nutri\u00e7\u00e3o e Sa\u00fade Prevente em Eventos Internacionais: O KitKat RockinRio no Contexto da Sa\u00fade Preventiva<\/a> <em>(saude.pnn.lat)<\/em><\/li>\n<li><a href=\"https:\/\/saude.pnn.lat\/index.php\/saude-da-mente\/barreira-da-uniao-europeia-a-carne-brasileira-impactos-na-dieta-e-saude-preventiva-no-brasil\/\" target=\"_blank\" rel=\"noopener\">Barreira da Uni\u00e3o Europeia \u00e0 Carne Brasileira: Impactos na Dieta e Sa\u00fade Preventiva no Brasil<\/a> <em>(saude.pnn.lat)<\/em><\/li>\n<\/ul>\n","protected":false},"excerpt":{"rendered":"<p>O papel do vale-refei\u00e7\u00f5es no desenvolvimento da nutri\u00e7\u00e3o e sa\u00fade preventiva O sistema de ajuda alimentar enfrenta novas altera\u00e7\u00f5es recentemente. Contudo, os especialistas analisam os efeitos imediatos na sa\u00fade populacional. Al\u00e9m disso, as pesquisas demonstram que o acesso \u00e0 prote\u00edna adequada reduz riscos metab\u00f3licos. Portanto, pol\u00edticas p\u00fablicas devem priorizar nutrientes essenciais. Todavia, o or\u00e7amento limitado [&hellip;]<\/p>\n","protected":false},"author":3,"featured_media":102,"comment_status":"closed","ping_status":"open","sticky":false,"template":"","format":"standard","meta":{"footnotes":""},"categories":[3],"tags":[54,30,51,53,52],"class_list":["post-104","post","type-post","status-publish","format-standard","has-post-thumbnail","hentry","category-saude-da-mente","tag-desenvolvimento","tag-nutricao","tag-papel","tag-refeicoes","tag-vale"],"yoast_head":"<!-- This site is optimized with the Yoast SEO plugin v28.4 - https:\/\/yoast.com\/product\/yoast-seo-wordpress\/ -->\n<title>O papel do vale-refei\u00e7\u00f5es no desenvolvimento da nutri\u00e7\u00e3o e s<\/title>\n<meta name=\"description\" content=\"O papel do vale-refei\u00e7\u00f5es no desenvolvimento da nutri\u00e7\u00e3o e sa\u00fade preventiva O sistema de ajuda alimentar enfrenta novas altera\u00e7\u00f5es recentemente. Contu...\" \/>\n<meta name=\"robots\" content=\"index, follow, max-snippet:-1, max-image-preview:large, max-video-preview:-1\" \/>\n<link rel=\"canonical\" href=\"\/o-papel-do-vale-refeicoes-no-desenvolvimento-da-nutricao-e-saude-preventiva\/\" \/>\n<meta property=\"og:locale\" content=\"pt_BR\" \/>\n<meta property=\"og:type\" content=\"article\" \/>\n<meta property=\"og:title\" content=\"O papel do vale-refei\u00e7\u00f5es no desenvolvimento da nutri\u00e7\u00e3o e sa\u00fade preventiva\" \/>\n<meta property=\"og:description\" content=\"O papel do vale-refei\u00e7\u00f5es no desenvolvimento da nutri\u00e7\u00e3o e sa\u00fade preventiva O sistema de ajuda alimentar enfrenta novas altera\u00e7\u00f5es recentemente. Contudo, os especialistas analisam ...\" \/>\n<meta property=\"og:url\" content=\"\/o-papel-do-vale-refeicoes-no-desenvolvimento-da-nutricao-e-saude-preventiva\/\" \/>\n<meta property=\"og:site_name\" content=\"PNN SA\u00daDE\" \/>\n<meta property=\"article:published_time\" content=\"2026-09-06T10:22:15+00:00\" \/>\n<meta property=\"article:modified_time\" content=\"2026-09-06T10:22:25+00:00\" \/>\n<meta property=\"og:image\" content=\"https:\/\/saude.pnn.lat\/wp-content\/uploads\/2026\/09\/jotha-jotha-620fe043-featured_00001_-1.webp\" \/>\n\t<meta property=\"og:image:width\" content=\"1920\" \/>\n\t<meta property=\"og:image:height\" content=\"1080\" \/>\n\t<meta property=\"og:image:type\" content=\"image\/webp\" \/>\n<meta name=\"author\" content=\"Thaisa Zago Sartori\" \/>\n<meta name=\"twitter:card\" content=\"summary_large_image\" \/>\n<meta name=\"twitter:title\" content=\"O papel do vale-refei\u00e7\u00f5es no desenvolvimento da nutri\u00e7\u00e3o e sa\u00fade preve\" \/>\n<meta name=\"twitter:description\" content=\"O papel do vale-refei\u00e7\u00f5es no desenvolvimento da nutri\u00e7\u00e3o e sa\u00fade preventiva O sistema de ajuda alimentar enfrenta novas altera\u00e7\u00f5es recentemente. Contudo, os especialistas analisam ...\" \/>\n<meta name=\"twitter:label1\" content=\"Escrito por\" \/>\n\t<meta name=\"twitter:data1\" content=\"Thaisa Zago Sartori\" \/>\n\t<meta name=\"twitter:label2\" content=\"Est. tempo de leitura\" \/>\n\t<meta name=\"twitter:data2\" content=\"4 minutos\" \/>\n<script type=\"application\/ld+json\" class=\"yoast-schema-graph\">{\"@context\":\"https:\\\/\\\/schema.org\",\"@graph\":[{\"@type\":\"Article\",\"@id\":\"\\\/o-papel-do-vale-refeicoes-no-desenvolvimento-da-nutricao-e-saude-preventiva\\\/#article\",\"isPartOf\":{\"@id\":\"https:\\\/\\\/saude.pnn.lat\\\/index.php\\\/saude-da-mente\\\/o-papel-do-vale-refeicoes-no-desenvolvimento-da-nutricao-e-saude-preventiva\\\/\"},\"author\":{\"name\":\"Thaisa Zago Sartori\",\"@id\":\"https:\\\/\\\/saude.pnn.lat\\\/#\\\/schema\\\/person\\\/5311a759b3abfe0cd0dbaac48bfd6873\"},\"headline\":\"O papel do vale-refei\u00e7\u00f5es no desenvolvimento da nutri\u00e7\u00e3o e sa\u00fade preventiva\",\"datePublished\":\"2026-09-06T10:22:15+00:00\",\"dateModified\":\"2026-09-06T10:22:25+00:00\",\"mainEntityOfPage\":{\"@id\":\"https:\\\/\\\/saude.pnn.lat\\\/index.php\\\/saude-da-mente\\\/o-papel-do-vale-refeicoes-no-desenvolvimento-da-nutricao-e-saude-preventiva\\\/\"},\"wordCount\":816,\"publisher\":{\"@id\":\"https:\\\/\\\/saude.pnn.lat\\\/#organization\"},\"image\":{\"@id\":\"\\\/o-papel-do-vale-refeicoes-no-desenvolvimento-da-nutricao-e-saude-preventiva\\\/#primaryimage\"},\"thumbnailUrl\":\"https:\\\/\\\/saude.pnn.lat\\\/wp-content\\\/uploads\\\/2026\\\/09\\\/jotha-jotha-620fe043-featured_00001_-1.webp\",\"keywords\":[\"Desenvolvimento\",\"Nutri\u00e7\u00e3o\",\"Papel\",\"Refei\u00e7\u00f5es\",\"Vale\"],\"articleSection\":[\"Sa\u00fade da Mente\"],\"inLanguage\":\"pt-BR\"},{\"@type\":\"WebPage\",\"@id\":\"https:\\\/\\\/saude.pnn.lat\\\/index.php\\\/saude-da-mente\\\/o-papel-do-vale-refeicoes-no-desenvolvimento-da-nutricao-e-saude-preventiva\\\/\",\"url\":\"\\\/o-papel-do-vale-refeicoes-no-desenvolvimento-da-nutricao-e-saude-preventiva\\\/\",\"name\":\"O papel do vale-refei\u00e7\u00f5es no desenvolvimento da nutri\u00e7\u00e3o e s\",\"isPartOf\":{\"@id\":\"https:\\\/\\\/saude.pnn.lat\\\/#website\"},\"primaryImageOfPage\":{\"@id\":\"\\\/o-papel-do-vale-refeicoes-no-desenvolvimento-da-nutricao-e-saude-preventiva\\\/#primaryimage\"},\"image\":{\"@id\":\"\\\/o-papel-do-vale-refeicoes-no-desenvolvimento-da-nutricao-e-saude-preventiva\\\/#primaryimage\"},\"thumbnailUrl\":\"https:\\\/\\\/saude.pnn.lat\\\/wp-content\\\/uploads\\\/2026\\\/09\\\/jotha-jotha-620fe043-featured_00001_-1.webp\",\"datePublished\":\"2026-09-06T10:22:15+00:00\",\"dateModified\":\"2026-09-06T10:22:25+00:00\",\"description\":\"O papel do vale-refei\u00e7\u00f5es no desenvolvimento da nutri\u00e7\u00e3o e sa\u00fade preventiva O sistema de ajuda alimentar enfrenta novas altera\u00e7\u00f5es recentemente. Contu...\",\"breadcrumb\":{\"@id\":\"\\\/o-papel-do-vale-refeicoes-no-desenvolvimento-da-nutricao-e-saude-preventiva\\\/#breadcrumb\"},\"inLanguage\":\"pt-BR\",\"potentialAction\":[{\"@type\":\"ReadAction\",\"target\":[\"\\\/o-papel-do-vale-refeicoes-no-desenvolvimento-da-nutricao-e-saude-preventiva\\\/\"]}]},{\"@type\":\"ImageObject\",\"inLanguage\":\"pt-BR\",\"@id\":\"\\\/o-papel-do-vale-refeicoes-no-desenvolvimento-da-nutricao-e-saude-preventiva\\\/#primaryimage\",\"url\":\"https:\\\/\\\/saude.pnn.lat\\\/wp-content\\\/uploads\\\/2026\\\/09\\\/jotha-jotha-620fe043-featured_00001_-1.webp\",\"contentUrl\":\"https:\\\/\\\/saude.pnn.lat\\\/wp-content\\\/uploads\\\/2026\\\/09\\\/jotha-jotha-620fe043-featured_00001_-1.webp\",\"width\":1920,\"height\":1080},{\"@type\":\"BreadcrumbList\",\"@id\":\"\\\/o-papel-do-vale-refeicoes-no-desenvolvimento-da-nutricao-e-saude-preventiva\\\/#breadcrumb\",\"itemListElement\":[{\"@type\":\"ListItem\",\"position\":1,\"name\":\"In\u00edcio\",\"item\":\"https:\\\/\\\/saude.pnn.lat\\\/\"},{\"@type\":\"ListItem\",\"position\":2,\"name\":\"O papel do vale-refei\u00e7\u00f5es no desenvolvimento da nutri\u00e7\u00e3o e sa\u00fade preventiva\"}]},{\"@type\":\"WebSite\",\"@id\":\"https:\\\/\\\/saude.pnn.lat\\\/#website\",\"url\":\"https:\\\/\\\/saude.pnn.lat\\\/\",\"name\":\"PNN SA\u00daDE\",\"description\":\"\",\"publisher\":{\"@id\":\"https:\\\/\\\/saude.pnn.lat\\\/#organization\"},\"potentialAction\":[{\"@type\":\"SearchAction\",\"target\":{\"@type\":\"EntryPoint\",\"urlTemplate\":\"https:\\\/\\\/saude.pnn.lat\\\/?s={search_term_string}\"},\"query-input\":{\"@type\":\"PropertyValueSpecification\",\"valueRequired\":true,\"valueName\":\"search_term_string\"}}],\"inLanguage\":\"pt-BR\"},{\"@type\":\"Organization\",\"@id\":\"https:\\\/\\\/saude.pnn.lat\\\/#organization\",\"name\":\"PNN SA\u00daDE\",\"url\":\"https:\\\/\\\/saude.pnn.lat\\\/\",\"logo\":{\"@type\":\"ImageObject\",\"inLanguage\":\"pt-BR\",\"@id\":\"https:\\\/\\\/saude.pnn.lat\\\/#\\\/schema\\\/logo\\\/image\\\/\",\"url\":\"https:\\\/\\\/saude.pnn.lat\\\/wp-content\\\/uploads\\\/2025\\\/12\\\/cropped-pnn-saude.jpg\",\"contentUrl\":\"https:\\\/\\\/saude.pnn.lat\\\/wp-content\\\/uploads\\\/2025\\\/12\\\/cropped-pnn-saude.jpg\",\"width\":1023,\"height\":456,\"caption\":\"PNN SA\u00daDE\"},\"image\":{\"@id\":\"https:\\\/\\\/saude.pnn.lat\\\/#\\\/schema\\\/logo\\\/image\\\/\"}},{\"@type\":\"Person\",\"@id\":\"https:\\\/\\\/saude.pnn.lat\\\/#\\\/schema\\\/person\\\/5311a759b3abfe0cd0dbaac48bfd6873\",\"name\":\"Thaisa Zago Sartori\",\"image\":{\"@type\":\"ImageObject\",\"inLanguage\":\"pt-BR\",\"@id\":\"https:\\\/\\\/secure.gravatar.com\\\/avatar\\\/30d3726bf5cd9740ff806ab64772e422f2c582c20f62eb7f3dcae01f6815ee1f?s=96&d=mm&r=g\",\"url\":\"https:\\\/\\\/secure.gravatar.com\\\/avatar\\\/30d3726bf5cd9740ff806ab64772e422f2c582c20f62eb7f3dcae01f6815ee1f?s=96&d=mm&r=g\",\"contentUrl\":\"https:\\\/\\\/secure.gravatar.com\\\/avatar\\\/30d3726bf5cd9740ff806ab64772e422f2c582c20f62eb7f3dcae01f6815ee1f?s=96&d=mm&r=g\",\"caption\":\"Thaisa Zago Sartori\"},\"url\":\"https:\\\/\\\/saude.pnn.lat\\\/index.php\\\/author\\\/thaisa-zago-sartori\\\/\"}]}<\/script>\n<!-- \/ Yoast SEO plugin. -->","yoast_head_json":{"title":"O papel do vale-refei\u00e7\u00f5es no desenvolvimento da nutri\u00e7\u00e3o e s","description":"O papel do vale-refei\u00e7\u00f5es no desenvolvimento da nutri\u00e7\u00e3o e sa\u00fade preventiva O sistema de ajuda alimentar enfrenta novas altera\u00e7\u00f5es recentemente. Contu...","robots":{"index":"index","follow":"follow","max-snippet":"max-snippet:-1","max-image-preview":"max-image-preview:large","max-video-preview":"max-video-preview:-1"},"canonical":"\/o-papel-do-vale-refeicoes-no-desenvolvimento-da-nutricao-e-saude-preventiva\/","og_locale":"pt_BR","og_type":"article","og_title":"O papel do vale-refei\u00e7\u00f5es no desenvolvimento da nutri\u00e7\u00e3o e sa\u00fade preventiva","og_description":"O papel do vale-refei\u00e7\u00f5es no desenvolvimento da nutri\u00e7\u00e3o e sa\u00fade preventiva O sistema de ajuda alimentar enfrenta novas altera\u00e7\u00f5es recentemente. Contudo, os especialistas analisam ...","og_url":"\/o-papel-do-vale-refeicoes-no-desenvolvimento-da-nutricao-e-saude-preventiva\/","og_site_name":"PNN SA\u00daDE","article_published_time":"2026-09-06T10:22:15+00:00","article_modified_time":"2026-09-06T10:22:25+00:00","og_image":[{"width":1920,"height":1080,"url":"https:\/\/saude.pnn.lat\/wp-content\/uploads\/2026\/09\/jotha-jotha-620fe043-featured_00001_-1.webp","type":"image\/webp"}],"author":"Thaisa Zago Sartori","twitter_card":"summary_large_image","twitter_title":"O papel do vale-refei\u00e7\u00f5es no desenvolvimento da nutri\u00e7\u00e3o e sa\u00fade preve","twitter_description":"O papel do vale-refei\u00e7\u00f5es no desenvolvimento da nutri\u00e7\u00e3o e sa\u00fade preventiva O sistema de ajuda alimentar enfrenta novas altera\u00e7\u00f5es recentemente. Contudo, os especialistas analisam ...","twitter_misc":{"Escrito por":"Thaisa Zago Sartori","Est. tempo de leitura":"4 minutos"},"schema":{"@context":"https:\/\/schema.org","@graph":[{"@type":"Article","@id":"\/o-papel-do-vale-refeicoes-no-desenvolvimento-da-nutricao-e-saude-preventiva\/#article","isPartOf":{"@id":"https:\/\/saude.pnn.lat\/index.php\/saude-da-mente\/o-papel-do-vale-refeicoes-no-desenvolvimento-da-nutricao-e-saude-preventiva\/"},"author":{"name":"Thaisa Zago Sartori","@id":"https:\/\/saude.pnn.lat\/#\/schema\/person\/5311a759b3abfe0cd0dbaac48bfd6873"},"headline":"O papel do vale-refei\u00e7\u00f5es no desenvolvimento da nutri\u00e7\u00e3o e sa\u00fade preventiva","datePublished":"2026-09-06T10:22:15+00:00","dateModified":"2026-09-06T10:22:25+00:00","mainEntityOfPage":{"@id":"https:\/\/saude.pnn.lat\/index.php\/saude-da-mente\/o-papel-do-vale-refeicoes-no-desenvolvimento-da-nutricao-e-saude-preventiva\/"},"wordCount":816,"publisher":{"@id":"https:\/\/saude.pnn.lat\/#organization"},"image":{"@id":"\/o-papel-do-vale-refeicoes-no-desenvolvimento-da-nutricao-e-saude-preventiva\/#primaryimage"},"thumbnailUrl":"https:\/\/saude.pnn.lat\/wp-content\/uploads\/2026\/09\/jotha-jotha-620fe043-featured_00001_-1.webp","keywords":["Desenvolvimento","Nutri\u00e7\u00e3o","Papel","Refei\u00e7\u00f5es","Vale"],"articleSection":["Sa\u00fade da Mente"],"inLanguage":"pt-BR"},{"@type":"WebPage","@id":"https:\/\/saude.pnn.lat\/index.php\/saude-da-mente\/o-papel-do-vale-refeicoes-no-desenvolvimento-da-nutricao-e-saude-preventiva\/","url":"\/o-papel-do-vale-refeicoes-no-desenvolvimento-da-nutricao-e-saude-preventiva\/","name":"O papel do vale-refei\u00e7\u00f5es no desenvolvimento da nutri\u00e7\u00e3o e s","isPartOf":{"@id":"https:\/\/saude.pnn.lat\/#website"},"primaryImageOfPage":{"@id":"\/o-papel-do-vale-refeicoes-no-desenvolvimento-da-nutricao-e-saude-preventiva\/#primaryimage"},"image":{"@id":"\/o-papel-do-vale-refeicoes-no-desenvolvimento-da-nutricao-e-saude-preventiva\/#primaryimage"},"thumbnailUrl":"https:\/\/saude.pnn.lat\/wp-content\/uploads\/2026\/09\/jotha-jotha-620fe043-featured_00001_-1.webp","datePublished":"2026-09-06T10:22:15+00:00","dateModified":"2026-09-06T10:22:25+00:00","description":"O papel do vale-refei\u00e7\u00f5es no desenvolvimento da nutri\u00e7\u00e3o e sa\u00fade preventiva O sistema de ajuda alimentar enfrenta novas altera\u00e7\u00f5es recentemente. Contu...","breadcrumb":{"@id":"\/o-papel-do-vale-refeicoes-no-desenvolvimento-da-nutricao-e-saude-preventiva\/#breadcrumb"},"inLanguage":"pt-BR","potentialAction":[{"@type":"ReadAction","target":["\/o-papel-do-vale-refeicoes-no-desenvolvimento-da-nutricao-e-saude-preventiva\/"]}]},{"@type":"ImageObject","inLanguage":"pt-BR","@id":"\/o-papel-do-vale-refeicoes-no-desenvolvimento-da-nutricao-e-saude-preventiva\/#primaryimage","url":"https:\/\/saude.pnn.lat\/wp-content\/uploads\/2026\/09\/jotha-jotha-620fe043-featured_00001_-1.webp","contentUrl":"https:\/\/saude.pnn.lat\/wp-content\/uploads\/2026\/09\/jotha-jotha-620fe043-featured_00001_-1.webp","width":1920,"height":1080},{"@type":"BreadcrumbList","@id":"\/o-papel-do-vale-refeicoes-no-desenvolvimento-da-nutricao-e-saude-preventiva\/#breadcrumb","itemListElement":[{"@type":"ListItem","position":1,"name":"In\u00edcio","item":"https:\/\/saude.pnn.lat\/"},{"@type":"ListItem","position":2,"name":"O papel do vale-refei\u00e7\u00f5es no desenvolvimento da nutri\u00e7\u00e3o e sa\u00fade preventiva"}]},{"@type":"WebSite","@id":"https:\/\/saude.pnn.lat\/#website","url":"https:\/\/saude.pnn.lat\/","name":"PNN SA\u00daDE","description":"","publisher":{"@id":"https:\/\/saude.pnn.lat\/#organization"},"potentialAction":[{"@type":"SearchAction","target":{"@type":"EntryPoint","urlTemplate":"https:\/\/saude.pnn.lat\/?s={search_term_string}"},"query-input":{"@type":"PropertyValueSpecification","valueRequired":true,"valueName":"search_term_string"}}],"inLanguage":"pt-BR"},{"@type":"Organization","@id":"https:\/\/saude.pnn.lat\/#organization","name":"PNN SA\u00daDE","url":"https:\/\/saude.pnn.lat\/","logo":{"@type":"ImageObject","inLanguage":"pt-BR","@id":"https:\/\/saude.pnn.lat\/#\/schema\/logo\/image\/","url":"https:\/\/saude.pnn.lat\/wp-content\/uploads\/2025\/12\/cropped-pnn-saude.jpg","contentUrl":"https:\/\/saude.pnn.lat\/wp-content\/uploads\/2025\/12\/cropped-pnn-saude.jpg","width":1023,"height":456,"caption":"PNN SA\u00daDE"},"image":{"@id":"https:\/\/saude.pnn.lat\/#\/schema\/logo\/image\/"}},{"@type":"Person","@id":"https:\/\/saude.pnn.lat\/#\/schema\/person\/5311a759b3abfe0cd0dbaac48bfd6873","name":"Thaisa Zago Sartori","image":{"@type":"ImageObject","inLanguage":"pt-BR","@id":"https:\/\/secure.gravatar.com\/avatar\/30d3726bf5cd9740ff806ab64772e422f2c582c20f62eb7f3dcae01f6815ee1f?s=96&d=mm&r=g","url":"https:\/\/secure.gravatar.com\/avatar\/30d3726bf5cd9740ff806ab64772e422f2c582c20f62eb7f3dcae01f6815ee1f?s=96&d=mm&r=g","contentUrl":"https:\/\/secure.gravatar.com\/avatar\/30d3726bf5cd9740ff806ab64772e422f2c582c20f62eb7f3dcae01f6815ee1f?s=96&d=mm&r=g","caption":"Thaisa Zago Sartori"},"url":"https:\/\/saude.pnn.lat\/index.php\/author\/thaisa-zago-sartori\/"}]}},"_links":{"self":[{"href":"https:\/\/saude.pnn.lat\/index.php\/wp-json\/wp\/v2\/posts\/104","targetHints":{"allow":["GET"]}}],"collection":[{"href":"https:\/\/saude.pnn.lat\/index.php\/wp-json\/wp\/v2\/posts"}],"about":[{"href":"https:\/\/saude.pnn.lat\/index.php\/wp-json\/wp\/v2\/types\/post"}],"author":[{"embeddable":true,"href":"https:\/\/saude.pnn.lat\/index.php\/wp-json\/wp\/v2\/users\/3"}],"replies":[{"embeddable":true,"href":"https:\/\/saude.pnn.lat\/index.php\/wp-json\/wp\/v2\/comments?post=104"}],"version-history":[{"count":1,"href":"https:\/\/saude.pnn.lat\/index.php\/wp-json\/wp\/v2\/posts\/104\/revisions"}],"predecessor-version":[{"id":105,"href":"https:\/\/saude.pnn.lat\/index.php\/wp-json\/wp\/v2\/posts\/104\/revisions\/105"}],"wp:featuredmedia":[{"embeddable":true,"href":"https:\/\/saude.pnn.lat\/index.php\/wp-json\/wp\/v2\/media\/102"}],"wp:attachment":[{"href":"https:\/\/saude.pnn.lat\/index.php\/wp-json\/wp\/v2\/media?parent=104"}],"wp:term":[{"taxonomy":"category","embeddable":true,"href":"https:\/\/saude.pnn.lat\/index.php\/wp-json\/wp\/v2\/categories?post=104"},{"taxonomy":"post_tag","embeddable":true,"href":"https:\/\/saude.pnn.lat\/index.php\/wp-json\/wp\/v2\/tags?post=104"}],"curies":[{"name":"wp","href":"https:\/\/api.w.org\/{rel}","templated":true}]}}